{"id":952,"date":"2013-01-29T10:11:55","date_gmt":"2013-01-29T08:11:55","guid":{"rendered":"http:\/\/hwvammerbuch.wordpress.com\/?p=952"},"modified":"2013-01-29T10:11:55","modified_gmt":"2013-01-29T08:11:55","slug":"vereinsnachrichten-woche-5-3","status":"publish","type":"post","link":"https:\/\/www.hwv-ammerbuch.de\/?p=952","title":{"rendered":"Vereinsnachrichten Woche 5"},"content":{"rendered":"<p><strong>Arbeitseins\u00e4tze<br \/>\n<\/strong>Am Samstag, dem 2.2.2013 treffen wir uns um 9:00 Uhr auf dem Palmberg bei den Garagen zu Vorbereitungsarbeiten f\u00fcr den PFC Umzug am Sonntag. Mit den Aufr\u00e4umungsarbeiten wollen wir am Montag, dem 4.2.2013 um 16:30 Uhr beginnen. Auch dazu ist jede helfende Hand herzlich willkommen.<\/p>\n<p><strong>PFC Umzug am Sonntag 3.2.2013<\/strong><br \/>\nDer Verpflegungsstand des Heimat und Wandervereins steht traditionsgem\u00e4\u00df, wieder gegen\u00fcber dem Rathaus in Poltringen. Dort bieten wir Schupfnudeln mit Kraut, hei\u00dfe Rote sowie Bier, Gl\u00fchwein, Kaffee und Sekt an. Das Standpersonal ist ab 9:00 Uhr zur Vorbereitung eingeteilt. Wir bewirten ab 11:00 Uhr.<\/p>\n<p><strong>H\u00fcttenbewirtschaftung<\/strong><br \/>\nAm Sonntag, dem 3.2.2013 ist die Palmbergh\u00fctte nach dem PFC-Umzug ge\u00f6ffnet. Dort gibt es neben den \u00fcblichen Getr\u00e4nken, Kaffee und Kuchen. Auf die G\u00e4ste freuen sich Christl und Hans Roming und Willi Wagner.<\/p>\n","protected":false},"excerpt":{"rendered":"<p>Arbeitseins\u00e4tze Am Samstag, dem 2.2.2013 treffen wir uns um 9:00 Uhr auf dem Palmberg bei den Garagen zu Vorbereitungsarbeiten f\u00fcr den PFC Umzug am Sonntag. Mit den Aufr\u00e4umungsarbeiten wollen wir am Montag, dem 4.2.2013 um 16:30 Uhr beginnen. Auch dazu ist jede helfende Hand herzlich willkommen. PFC Umzug am Sonntag 3.2.2013 Der Verpflegungsstand des HeimatContinue reading &rarr;<\/p>\n","protected":false},"author":1,"featured_media":0,"comment_status":"open","ping_status":"open","sticky":false,"template":"","format":"standard","meta":{"footnotes":""},"categories":[1],"tags":[],"class_list":["post-952","post","type-post","status-publish","format-standard","hentry","category-aktuelles","no-thumb"],"_links":{"self":[{"href":"https:\/\/www.hwv-ammerbuch.de\/index.php?rest_route=\/wp\/v2\/posts\/952","targetHints":{"allow":["GET"]}}],"collection":[{"href":"https:\/\/www.hwv-ammerbuch.de\/index.php?rest_route=\/wp\/v2\/posts"}],"about":[{"href":"https:\/\/www.hwv-ammerbuch.de\/index.php?rest_route=\/wp\/v2\/types\/post"}],"author":[{"embeddable":true,"href":"https:\/\/www.hwv-ammerbuch.de\/index.php?rest_route=\/wp\/v2\/users\/1"}],"replies":[{"embeddable":true,"href":"https:\/\/www.hwv-ammerbuch.de\/index.php?rest_route=%2Fwp%2Fv2%2Fcomments&post=952"}],"version-history":[{"count":0,"href":"https:\/\/www.hwv-ammerbuch.de\/index.php?rest_route=\/wp\/v2\/posts\/952\/revisions"}],"wp:attachment":[{"href":"https:\/\/www.hwv-ammerbuch.de\/index.php?rest_route=%2Fwp%2Fv2%2Fmedia&parent=952"}],"wp:term":[{"taxonomy":"category","embeddable":true,"href":"https:\/\/www.hwv-ammerbuch.de\/index.php?rest_route=%2Fwp%2Fv2%2Fcategories&post=952"},{"taxonomy":"post_tag","embeddable":true,"href":"https:\/\/www.hwv-ammerbuch.de\/index.php?rest_route=%2Fwp%2Fv2%2Ftags&post=952"}],"curies":[{"name":"wp","href":"https:\/\/api.w.org\/{rel}","templated":true}]}}