{"id":815,"date":"2012-11-13T10:28:39","date_gmt":"2012-11-13T08:28:39","guid":{"rendered":"http:\/\/hwvammerbuch.wordpress.com\/?p=815"},"modified":"2012-11-13T10:28:39","modified_gmt":"2012-11-13T08:28:39","slug":"vereinsnachrichten-woche-46","status":"publish","type":"post","link":"https:\/\/www.hwv-ammerbuch.de\/?p=815","title":{"rendered":"Vereinsnachrichten Woche 46"},"content":{"rendered":"<p><strong>Bazar<\/strong><br \/>\nAm Sonntag, 18.11.2012 ab 11:00 Uhr startet unser 1. Bazar in der Palmbergh\u00fctte. Die Teilnehmerinnen vom \u201eStricknachmittag\u201c haben nun nach harter Arbeit mit Nadeln, Wolle und Faden so einiges gezaubert das nun zum Verkauf angeboten wird. Es werden Strick- und H\u00e4kelwaren nebst Patchwork angeboten. F\u00fcr das leibliche Wohl bieten wir Wei\u00dfwurst mit Brezel und nachmittags Kaffee und Kuchen an. F\u00fcr musikalische Unterhaltung sorgt Emmerich mit live Musik.<\/p>\n<p><strong>Stricken in der Palmbergh\u00fctte<\/strong><br \/>\nAm Donnerstag 22.11.2012 ab 14:00 Uhr.<\/p>\n","protected":false},"excerpt":{"rendered":"<p>Bazar Am Sonntag, 18.11.2012 ab 11:00 Uhr startet unser 1. Bazar in der Palmbergh\u00fctte. Die Teilnehmerinnen vom \u201eStricknachmittag\u201c haben nun nach harter Arbeit mit Nadeln, Wolle und Faden so einiges gezaubert das nun zum Verkauf angeboten wird. Es werden Strick- und H\u00e4kelwaren nebst Patchwork angeboten. F\u00fcr das leibliche Wohl bieten wir Wei\u00dfwurst mit Brezel undContinue reading &rarr;<\/p>\n","protected":false},"author":1,"featured_media":0,"comment_status":"open","ping_status":"open","sticky":false,"template":"","format":"standard","meta":{"footnotes":""},"categories":[1],"tags":[],"class_list":["post-815","post","type-post","status-publish","format-standard","hentry","category-aktuelles","no-thumb"],"_links":{"self":[{"href":"https:\/\/www.hwv-ammerbuch.de\/index.php?rest_route=\/wp\/v2\/posts\/815","targetHints":{"allow":["GET"]}}],"collection":[{"href":"https:\/\/www.hwv-ammerbuch.de\/index.php?rest_route=\/wp\/v2\/posts"}],"about":[{"href":"https:\/\/www.hwv-ammerbuch.de\/index.php?rest_route=\/wp\/v2\/types\/post"}],"author":[{"embeddable":true,"href":"https:\/\/www.hwv-ammerbuch.de\/index.php?rest_route=\/wp\/v2\/users\/1"}],"replies":[{"embeddable":true,"href":"https:\/\/www.hwv-ammerbuch.de\/index.php?rest_route=%2Fwp%2Fv2%2Fcomments&post=815"}],"version-history":[{"count":0,"href":"https:\/\/www.hwv-ammerbuch.de\/index.php?rest_route=\/wp\/v2\/posts\/815\/revisions"}],"wp:attachment":[{"href":"https:\/\/www.hwv-ammerbuch.de\/index.php?rest_route=%2Fwp%2Fv2%2Fmedia&parent=815"}],"wp:term":[{"taxonomy":"category","embeddable":true,"href":"https:\/\/www.hwv-ammerbuch.de\/index.php?rest_route=%2Fwp%2Fv2%2Fcategories&post=815"},{"taxonomy":"post_tag","embeddable":true,"href":"https:\/\/www.hwv-ammerbuch.de\/index.php?rest_route=%2Fwp%2Fv2%2Ftags&post=815"}],"curies":[{"name":"wp","href":"https:\/\/api.w.org\/{rel}","templated":true}]}}