{"id":809,"date":"2012-10-30T09:14:04","date_gmt":"2012-10-30T07:14:04","guid":{"rendered":"http:\/\/hwvammerbuch.wordpress.com\/?p=809"},"modified":"2012-10-30T09:14:04","modified_gmt":"2012-10-30T07:14:04","slug":"wanderbericht-weinwanderung-um-und-auf-den-rotenberg","status":"publish","type":"post","link":"https:\/\/www.hwv-ammerbuch.de\/?p=809","title":{"rendered":"Wanderbericht Weinwanderung um und auf den Rotenberg"},"content":{"rendered":"<p>Bei herrlichem Wanderwetter trafen sich am 20. Oktober 15 Wanderfreunde. Auch Gastwanderer waren gekommen, um die Weingegend bei Ober- und Untert\u00fcrkheim zu erkunden. Die S-Bahn brachte uns von Herrenberg nach Obert\u00fcrkheim und schon w\u00e4hrend der Fahrt konnten wir den Reiz der Weinberglandschaft genie\u00dfen. Dort angekommen ging es nun bei Kaiserwetter, wie extra f\u00fcr uns bestellt, bergan.<\/p>\n<p>Es war traumhaft, wie sich die Landschaft z.T. herbstlich gef\u00e4rbt, aber penibel genau sortiert von gr\u00fcn, golden bis braun zeigte. Wir konnten auf verschiedenen Grundst\u00fccken sehen, wie heute die Weinlese funktioniert. Nicht mehr wie fr\u00fcher mit Butten, sondern mit Maschinen die passgenau durch die Rebstockreihen fahren. Auch die ein oder andere Weintraube wurde von uns dabei nat\u00fcrlich stibitzt. Gegen Mittag waren wir an unserem ersten Ziel, dem Rotenberg. Dort besichtigten wir die Grabkapelle, die die Grabm\u00e4ler von K\u00f6nigin Katharina und K\u00f6nig Wilhelm beherbergt, und genossen den Ausblick von einem der sch\u00f6nsten Aussichtpunkte Stuttgarts \u00fcber das Neckartal.<\/p>\n<p>Danach hatten wir eine Einkehr im \u201eRotenberger Weing\u00e4rtle\u201c verdient. Von hier aus ging es weiter nach Uhlbach ins Weinbaumuseum, wo wir bei einer kleinen Weinverkostung Eindr\u00fccke \u00fcber den Weinbau und die Kunst der Weinbauproduktion sammeln konnten.<\/p>\n<p>Jetzt war es an der Zeit in einem Weinbesen einzukehren. Beim Besenwirt \u201eZum Dreim\u00e4delhaus\u201c fanden wir Platz und lie\u00dfen es uns bei gutem Essen und gen\u00fcgend Wein gut gehen. Irgendwann neigt sich jeder sch\u00f6ne Tag seinem Ende und f\u00fcr uns war es an der Zeit aufzubrechen. Die S-Bahn sollte uns von Obert\u00fcrkheim wieder zur\u00fcck nach Herrenberg bringen. Gem\u00fctlich dort sitzend und von den Eindr\u00fccken der Wanderung beseelt, wurden wir in B\u00f6blingen von einer Durchsage \u00fcberrascht: Aufgrund polizeilicher Ermittlungen kann die S-Bahn nicht mehr weiterfahren. Bitte alle aussteigen.\u201c Doch die Erlebnisse des Tages und manch ein Tropfen guter Wein konnten unsere Laune nicht verderben, mit 1 \u00bd Stunden Versp\u00e4tung kamen wir schlie\u00dflich doch noch in Herrenberg an. Unsere Tageswanderung wird \u2013 nicht zuletzt auch durch dieses Erlebnis \u2013 uns allen in Erinnerung bleiben und war rundum gelungen.<\/p>\n<p>Wanderf\u00fchrerin: Margarete Sailer<\/p>\n<p><a href=\"http:\/\/hwvammerbuch.wordpress.com\/2012\/10\/30\/wanderbericht-weinwanderung-um-und-auf-den-rotenberg\/gerold_weinwanderung\/\" rel=\"attachment wp-att-810\"><img loading=\"lazy\" decoding=\"async\" class=\"alignnone size-medium wp-image-810\" title=\"Gerold_Weinwanderung\" alt=\"\" src=\"http:\/\/hwvammerbuch.files.wordpress.com\/2012\/10\/gerold_weinwanderung.jpg?w=450\" height=\"337\" width=\"450\" \/><\/a><\/p>\n","protected":false},"excerpt":{"rendered":"<p>Bei herrlichem Wanderwetter trafen sich am 20. Oktober 15 Wanderfreunde. Auch Gastwanderer waren gekommen, um die Weingegend bei Ober- und Untert\u00fcrkheim zu erkunden. Die S-Bahn brachte uns von Herrenberg nach Obert\u00fcrkheim und schon w\u00e4hrend der Fahrt konnten wir den Reiz der Weinberglandschaft genie\u00dfen. Dort angekommen ging es nun bei Kaiserwetter, wie extra f\u00fcr uns bestellt,Continue reading &rarr;<\/p>\n","protected":false},"author":1,"featured_media":0,"comment_status":"open","ping_status":"open","sticky":false,"template":"","format":"standard","meta":{"footnotes":""},"categories":[1,11],"tags":[],"class_list":["post-809","post","type-post","status-publish","format-standard","hentry","category-aktuelles","category-wanderungen","no-thumb"],"_links":{"self":[{"href":"https:\/\/www.hwv-ammerbuch.de\/index.php?rest_route=\/wp\/v2\/posts\/809","targetHints":{"allow":["GET"]}}],"collection":[{"href":"https:\/\/www.hwv-ammerbuch.de\/index.php?rest_route=\/wp\/v2\/posts"}],"about":[{"href":"https:\/\/www.hwv-ammerbuch.de\/index.php?rest_route=\/wp\/v2\/types\/post"}],"author":[{"embeddable":true,"href":"https:\/\/www.hwv-ammerbuch.de\/index.php?rest_route=\/wp\/v2\/users\/1"}],"replies":[{"embeddable":true,"href":"https:\/\/www.hwv-ammerbuch.de\/index.php?rest_route=%2Fwp%2Fv2%2Fcomments&post=809"}],"version-history":[{"count":0,"href":"https:\/\/www.hwv-ammerbuch.de\/index.php?rest_route=\/wp\/v2\/posts\/809\/revisions"}],"wp:attachment":[{"href":"https:\/\/www.hwv-ammerbuch.de\/index.php?rest_route=%2Fwp%2Fv2%2Fmedia&parent=809"}],"wp:term":[{"taxonomy":"category","embeddable":true,"href":"https:\/\/www.hwv-ammerbuch.de\/index.php?rest_route=%2Fwp%2Fv2%2Fcategories&post=809"},{"taxonomy":"post_tag","embeddable":true,"href":"https:\/\/www.hwv-ammerbuch.de\/index.php?rest_route=%2Fwp%2Fv2%2Ftags&post=809"}],"curies":[{"name":"wp","href":"https:\/\/api.w.org\/{rel}","templated":true}]}}