{"id":807,"date":"2012-10-30T10:12:37","date_gmt":"2012-10-30T08:12:37","guid":{"rendered":"http:\/\/hwvammerbuch.wordpress.com\/?p=807"},"modified":"2012-10-30T10:12:37","modified_gmt":"2012-10-30T08:12:37","slug":"vereinsnachrichten-woche-44-2","status":"publish","type":"post","link":"https:\/\/www.hwv-ammerbuch.de\/?p=807","title":{"rendered":"Vereinsnachrichten Woche 44"},"content":{"rendered":"<p><strong>Stricken in der Palmbergh\u00fctte<br \/>\n<\/strong>Am Donnerstag 8.11.2012 ab 14:00 Uhr.<\/p>\n<p><strong>Volksmusikkonzert<\/strong><br \/>\nHartmut Liebschers Einladung folgend, zum 20. Europ\u00e4ischen Volksmusikkonzert am 14. Oktober 2012, g\u00f6nnte sich eine kleine Gruppe ein paar sch\u00f6ne Stunden in der Stadthalle in Korntal. Nach gem\u00fctlicher Anreise mit der S-Bahn und einem Kaffee mit einem guten St\u00fcck Kuchen trafen wir mehrere Bekannte aus \u201eVolkstanzzeiten\u201c. Die vollbesetzte Stadthalle war fast 3 Stunden von Kl\u00e4ngen hausgemachter Musik aus ganz Europa erf\u00fcllt. Wie Musik verbindet konnten wir live erleben als alle Teilnehmer gemeinsam, bekannte Musikst\u00fccke in Einklang brachten.<\/p>\n<p><strong>Vorschau November<\/strong><br \/>\nSonntag 18. H\u00fcttenbetrieb mit Bazar.<\/p>\n","protected":false},"excerpt":{"rendered":"<p>Stricken in der Palmbergh\u00fctte Am Donnerstag 8.11.2012 ab 14:00 Uhr. Volksmusikkonzert Hartmut Liebschers Einladung folgend, zum 20. Europ\u00e4ischen Volksmusikkonzert am 14. Oktober 2012, g\u00f6nnte sich eine kleine Gruppe ein paar sch\u00f6ne Stunden in der Stadthalle in Korntal. Nach gem\u00fctlicher Anreise mit der S-Bahn und einem Kaffee mit einem guten St\u00fcck Kuchen trafen wir mehrere BekannteContinue reading &rarr;<\/p>\n","protected":false},"author":1,"featured_media":0,"comment_status":"open","ping_status":"open","sticky":false,"template":"","format":"standard","meta":{"footnotes":""},"categories":[1],"tags":[],"class_list":["post-807","post","type-post","status-publish","format-standard","hentry","category-aktuelles","no-thumb"],"_links":{"self":[{"href":"https:\/\/www.hwv-ammerbuch.de\/index.php?rest_route=\/wp\/v2\/posts\/807","targetHints":{"allow":["GET"]}}],"collection":[{"href":"https:\/\/www.hwv-ammerbuch.de\/index.php?rest_route=\/wp\/v2\/posts"}],"about":[{"href":"https:\/\/www.hwv-ammerbuch.de\/index.php?rest_route=\/wp\/v2\/types\/post"}],"author":[{"embeddable":true,"href":"https:\/\/www.hwv-ammerbuch.de\/index.php?rest_route=\/wp\/v2\/users\/1"}],"replies":[{"embeddable":true,"href":"https:\/\/www.hwv-ammerbuch.de\/index.php?rest_route=%2Fwp%2Fv2%2Fcomments&post=807"}],"version-history":[{"count":0,"href":"https:\/\/www.hwv-ammerbuch.de\/index.php?rest_route=\/wp\/v2\/posts\/807\/revisions"}],"wp:attachment":[{"href":"https:\/\/www.hwv-ammerbuch.de\/index.php?rest_route=%2Fwp%2Fv2%2Fmedia&parent=807"}],"wp:term":[{"taxonomy":"category","embeddable":true,"href":"https:\/\/www.hwv-ammerbuch.de\/index.php?rest_route=%2Fwp%2Fv2%2Fcategories&post=807"},{"taxonomy":"post_tag","embeddable":true,"href":"https:\/\/www.hwv-ammerbuch.de\/index.php?rest_route=%2Fwp%2Fv2%2Ftags&post=807"}],"curies":[{"name":"wp","href":"https:\/\/api.w.org\/{rel}","templated":true}]}}