{"id":803,"date":"2012-10-24T10:08:06","date_gmt":"2012-10-24T08:08:06","guid":{"rendered":"http:\/\/hwvammerbuch.wordpress.com\/?p=803"},"modified":"2012-10-24T10:08:06","modified_gmt":"2012-10-24T08:08:06","slug":"803","status":"publish","type":"post","link":"https:\/\/www.hwv-ammerbuch.de\/?p=803","title":{"rendered":"Vereinsnachrichten Woche 43"},"content":{"rendered":"<div>\n<p><strong>Z`Liachd Obed<\/strong><br \/>\nDie Trachtengruppe Bierlingen hat uns am Samstag, dem 27.10.2011 zu ihrem traditionellen \u201eZ`Liachd Obed\u201c eingeladen. Mit Mundart, Stricken, Gesang und schw\u00e4tzen wollen wir gesellig Beisammensein. Wir fahren am Samstag um 19:15 Uhr mit privaten Pkws ab Rathaus Poltringen. G\u00e4ste sind wie immer, herzlich willkommen.<\/p>\n<p><strong>H\u00fcttenbetrieb Dienstagstreff<\/strong><br \/>\nAm Dienstag, dem 30.10.2012 ist die Palmbergh\u00fctte ab 15:00 Uhr ge\u00f6ffnet.<br \/>\nDie Wirtsleute Monika und Wolfgang Mang sind bereit viele gutgelaunte G\u00e4ste zu bewirten.<\/p>\n<p><strong>Bildnachlese Zwiebelkuchenfest:<\/strong><\/p>\n<p><a href=\"http:\/\/hwvammerbuch.wordpress.com\/2012\/10\/24\/803\/reihenbild_2012\/\" rel=\"attachment wp-att-804\"><img loading=\"lazy\" decoding=\"async\" class=\"alignnone size-medium wp-image-804\" title=\"Reihenbild_2012\" alt=\"\" src=\"http:\/\/hwvammerbuch.files.wordpress.com\/2012\/10\/reihenbild_2012.jpg?w=450\" height=\"267\" width=\"450\" \/><\/a><\/p>\n<p>Es wurde t\u00fcchtig gewerkelt im Backh\u00e4usle, damit leckere Zwiebelkuchen herauskommen.<\/p>\n<\/div>\n","protected":false},"excerpt":{"rendered":"<p>Z`Liachd Obed Die Trachtengruppe Bierlingen hat uns am Samstag, dem 27.10.2011 zu ihrem traditionellen \u201eZ`Liachd Obed\u201c eingeladen. Mit Mundart, Stricken, Gesang und schw\u00e4tzen wollen wir gesellig Beisammensein. Wir fahren am Samstag um 19:15 Uhr mit privaten Pkws ab Rathaus Poltringen. G\u00e4ste sind wie immer, herzlich willkommen. H\u00fcttenbetrieb Dienstagstreff Am Dienstag, dem 30.10.2012 ist die Palmbergh\u00fctteContinue reading &rarr;<\/p>\n","protected":false},"author":1,"featured_media":0,"comment_status":"open","ping_status":"open","sticky":false,"template":"","format":"standard","meta":{"footnotes":""},"categories":[1],"tags":[],"class_list":["post-803","post","type-post","status-publish","format-standard","hentry","category-aktuelles","no-thumb"],"_links":{"self":[{"href":"https:\/\/www.hwv-ammerbuch.de\/index.php?rest_route=\/wp\/v2\/posts\/803","targetHints":{"allow":["GET"]}}],"collection":[{"href":"https:\/\/www.hwv-ammerbuch.de\/index.php?rest_route=\/wp\/v2\/posts"}],"about":[{"href":"https:\/\/www.hwv-ammerbuch.de\/index.php?rest_route=\/wp\/v2\/types\/post"}],"author":[{"embeddable":true,"href":"https:\/\/www.hwv-ammerbuch.de\/index.php?rest_route=\/wp\/v2\/users\/1"}],"replies":[{"embeddable":true,"href":"https:\/\/www.hwv-ammerbuch.de\/index.php?rest_route=%2Fwp%2Fv2%2Fcomments&post=803"}],"version-history":[{"count":0,"href":"https:\/\/www.hwv-ammerbuch.de\/index.php?rest_route=\/wp\/v2\/posts\/803\/revisions"}],"wp:attachment":[{"href":"https:\/\/www.hwv-ammerbuch.de\/index.php?rest_route=%2Fwp%2Fv2%2Fmedia&parent=803"}],"wp:term":[{"taxonomy":"category","embeddable":true,"href":"https:\/\/www.hwv-ammerbuch.de\/index.php?rest_route=%2Fwp%2Fv2%2Fcategories&post=803"},{"taxonomy":"post_tag","embeddable":true,"href":"https:\/\/www.hwv-ammerbuch.de\/index.php?rest_route=%2Fwp%2Fv2%2Ftags&post=803"}],"curies":[{"name":"wp","href":"https:\/\/api.w.org\/{rel}","templated":true}]}}