{"id":797,"date":"2012-10-17T15:53:51","date_gmt":"2012-10-17T13:53:51","guid":{"rendered":"http:\/\/hwvammerbuch.wordpress.com\/?p=797"},"modified":"2012-10-17T15:53:51","modified_gmt":"2012-10-17T13:53:51","slug":"vereinsnachrichten-woche-42-2","status":"publish","type":"post","link":"https:\/\/www.hwv-ammerbuch.de\/?p=797","title":{"rendered":"Vereinsnachrichten Woche 42"},"content":{"rendered":"<p><strong>Am Samstag 20.10.2012 ist es so weit!<\/strong><br \/>\nWir starten zur diesj\u00e4hrigen Weinwanderung auf den Rotenberg. Um 9:30 Uhr am Poltringer Rathaus fahren wir in Fahrgemeinschaften zum S-Bahnhof Herrenberg. Abfahrt 10:17 Uhr nach Obert\u00fcrkheim. Vom Bahnhof wandern wir Richtung Untert\u00fcrkheim durch die sch\u00f6nen Weinberge zur W\u00fcrttemberg Grabkapelle auf dem Rotenberg. Bei sch\u00f6nem Wetter erwartet uns ein herrliches Panorama. Anschlie\u00dfend f\u00fchrt uns der Weg nach Uhlbach in das Weinbaumuseum. Nach dem Besuch des Museums geht es weiter nach Obert\u00fcrkheim, wo eine Einkehr in dem bekannten Sonnenbesen Zai\u00df geplant ist. Auf der gesamten Strecke gibt es zahlreiche Weinbesen in denen eine kurze Rast m\u00f6glich ist. Wir werden in der Gruppe beraten wann wir Pause machen. Wer grunds\u00e4tzlich unterwegs keinen Besen aufsuchen m\u00f6chte sollte ein Rucksackvesper mitnehmen. Gastwanderer sind herzlich willkommen.<br \/>\nDas Fahrgeld ca. 5,00 \u20ac wird im Zug kassiert. Die Eintritte f\u00fcr Museum etc. sind vor Ort zu bezahlen.<br \/>\nWanderf\u00fchrerin: Margarete Sailer<\/p>\n<p><strong>Arbeitseinsatz<\/strong><br \/>\nAm Freitag, dem 19.10.2011 ab 14:00 Uhr Arbeitseinsatz auf dem Vereinsgel\u00e4nde. Leider konnten wir am vergangenen Freitag wegen des Regens die Hecken nicht schneiden. Trotzdem haben die wenigen erschienenen Mitglieder andere dringend notwendige Arbeitsma\u00dfnahmen erledigt. Vielen Dank! Wir m\u00fcssen unbedingt die Hecken schneiden und den Str\u00e4ucherbewuchs reduzieren. Zeigt Vereinsinteresse, erscheint zahlreich am kommenden Freitag.<\/p>\n<p><strong>Stricken in der Palmbergh\u00fctte<\/strong><br \/>\nAm Donnerstag 25.10.2012 ab 14:00 Uhr.<\/p>\n<p><strong>Zwiebelkuchenfest<\/strong><br \/>\nWie gewohnt als vollen Erfolg konnten wir unser diesj\u00e4hriges Zwiebelkuchenfest am Sonntagabend dem 7.10.2012 abschlie\u00dfen. Gerade noch 3 \u201ePersonalzwiebelkuchen\u201c waren \u00fcbrig als die letzten G\u00e4ste die Palmbergh\u00fctte verlie\u00dfen. Zahlreichen Helferinnen und Helfern sei an dieser Stelle f\u00fcr ihren nimmerm\u00fcden Einsatz, auch schon in den vergangenen Jahren, gedankt. Um ein Beispiel zu nennen, Sabine und Tobias haben nun in Folge schon seit mehreren Jahren die komplette Menge der eingesetzten Zwiebeln gesch\u00e4lt und zerkleinert.<\/p>\n<p><a href=\"http:\/\/hwvammerbuch.wordpress.com\/2012\/10\/17\/vereinsnachrichten-woche-42-2\/sabine_tobias\/\" rel=\"attachment wp-att-799\"><img loading=\"lazy\" decoding=\"async\" title=\"Sabine_Tobias\" alt=\"\" src=\"http:\/\/hwvammerbuch.files.wordpress.com\/2012\/10\/sabine_tobias.jpg?w=450\" height=\"288\" width=\"450\" \/><\/a><\/p>\n","protected":false},"excerpt":{"rendered":"<p>Am Samstag 20.10.2012 ist es so weit! Wir starten zur diesj\u00e4hrigen Weinwanderung auf den Rotenberg. Um 9:30 Uhr am Poltringer Rathaus fahren wir in Fahrgemeinschaften zum S-Bahnhof Herrenberg. Abfahrt 10:17 Uhr nach Obert\u00fcrkheim. Vom Bahnhof wandern wir Richtung Untert\u00fcrkheim durch die sch\u00f6nen Weinberge zur W\u00fcrttemberg Grabkapelle auf dem Rotenberg. Bei sch\u00f6nem Wetter erwartet uns einContinue reading &rarr;<\/p>\n","protected":false},"author":1,"featured_media":0,"comment_status":"open","ping_status":"open","sticky":false,"template":"","format":"standard","meta":{"footnotes":""},"categories":[1],"tags":[],"class_list":["post-797","post","type-post","status-publish","format-standard","hentry","category-aktuelles","no-thumb"],"_links":{"self":[{"href":"https:\/\/www.hwv-ammerbuch.de\/index.php?rest_route=\/wp\/v2\/posts\/797","targetHints":{"allow":["GET"]}}],"collection":[{"href":"https:\/\/www.hwv-ammerbuch.de\/index.php?rest_route=\/wp\/v2\/posts"}],"about":[{"href":"https:\/\/www.hwv-ammerbuch.de\/index.php?rest_route=\/wp\/v2\/types\/post"}],"author":[{"embeddable":true,"href":"https:\/\/www.hwv-ammerbuch.de\/index.php?rest_route=\/wp\/v2\/users\/1"}],"replies":[{"embeddable":true,"href":"https:\/\/www.hwv-ammerbuch.de\/index.php?rest_route=%2Fwp%2Fv2%2Fcomments&post=797"}],"version-history":[{"count":0,"href":"https:\/\/www.hwv-ammerbuch.de\/index.php?rest_route=\/wp\/v2\/posts\/797\/revisions"}],"wp:attachment":[{"href":"https:\/\/www.hwv-ammerbuch.de\/index.php?rest_route=%2Fwp%2Fv2%2Fmedia&parent=797"}],"wp:term":[{"taxonomy":"category","embeddable":true,"href":"https:\/\/www.hwv-ammerbuch.de\/index.php?rest_route=%2Fwp%2Fv2%2Fcategories&post=797"},{"taxonomy":"post_tag","embeddable":true,"href":"https:\/\/www.hwv-ammerbuch.de\/index.php?rest_route=%2Fwp%2Fv2%2Ftags&post=797"}],"curies":[{"name":"wp","href":"https:\/\/api.w.org\/{rel}","templated":true}]}}