{"id":784,"date":"2012-09-17T12:55:46","date_gmt":"2012-09-17T10:55:46","guid":{"rendered":"http:\/\/hwvammerbuch.wordpress.com\/?p=784"},"modified":"2012-09-17T12:55:46","modified_gmt":"2012-09-17T10:55:46","slug":"vereinsnachrichten-woche-38-2","status":"publish","type":"post","link":"https:\/\/www.hwv-ammerbuch.de\/?p=784","title":{"rendered":"Vereinsnachrichten Woche 38"},"content":{"rendered":"<p><strong>H\u00fcttengro\u00dfputz<\/strong><br \/>\nDie H\u00fctte hat es wieder mal dringend n\u00f6tig. Ein Gro\u00dfputz ist am Dienstag, dem 25.9.2012 ab 14:00 Uhr angesagt. Es ist dringend notwendig, die sichtbaren Gebrauchsspuren des vergangen Jahres an der H\u00fctte zu beseitigen. Also erscheint zahlreich zum besagten Termin auf dem Palmberg. Jede helfende Hand wird dankend angenommen.<\/p>\n<p><strong>Bergtour 2012<\/strong><br \/>\nUm 5:00 Uhr begann die Tour Richtung Silvretta Montafon. Planm\u00e4\u00dfig erreichten wir Gaschurn um 9:15 Uhr. Nach einem kleinen Fr\u00fchst\u00fcck, starteten wir auch gleich unsere Bergtour. Von Gaschurn wanderten wir stetig bergauf das Garneratal hindurch Richtung T\u00fcbinger H\u00fctte. 1211 H\u00f6henmeter sollten erwandert werden, was doch einige Kondition abverlangte. Auf der Garneraalpe konnten wir einen Stopp einlegen und den selbstgemachten K\u00e4se der Sennerin probieren. Weiter f\u00fchrte uns der Weg nach ca. 6Std. Bergaufwandern zur T\u00fcbinger H\u00fctte. 2191m. Nach einem z\u00fcnftigen H\u00fcttenabend bezogen wir unser Nachtquartier. Um 7:00 Uhr war Fr\u00fchst\u00fcck angesagt und gegen\u00a08:30 Uhr starteten wir unsere zweite Tour. \u00dcber den Erich-Endriss-H\u00f6henweg f\u00fchrte uns der Weg zum Vergaldner Joch 2515m. Bei Kaiserwetter weiter zur Madrisella 2466m. und zum Matschurner Joch 2553m, \u00fcber die Versettla hinunter zur Versettla Bergstation 2020m. Der Blick \u00fcber die Alpen war gigantisch. Nach \u00fcber 6 Std. bergauf und bergab, teilweise \u00fcber Ger\u00f6llmassen, waren alle erleichtert, als wir an der Versettla Bergstation angekommen sind. Nach einer kurzen Einkehr fuhren wir mit der Bergbahn wieder nach Gaschurn. Die Heimreise wurde durch einen 1,5Std, andauernden Stau in Bregenz verl\u00e4ngert so, dass wir bereits in Hagnau gegen 20:30 Uhr einen Stopp einlegten. Nach einem Abendessen erreichten wir Poltringen wieder gegen 23:30 Uhr.<br \/>\nGerold Sailer Wanderwart und Wanderf\u00fchrer<\/p>\n<p><a href=\"http:\/\/hwvammerbuch.wordpress.com\/2012\/09\/17\/vereinsnachrichten-woche-38-2\/untitled\/\" rel=\"attachment wp-att-785\"><img loading=\"lazy\" decoding=\"async\" title=\"untitled\" src=\"http:\/\/hwvammerbuch.files.wordpress.com\/2012\/09\/untitled.png?w=450\" alt=\"\" width=\"450\" height=\"337\" \/><\/a><\/p>\n","protected":false},"excerpt":{"rendered":"<p>H\u00fcttengro\u00dfputz Die H\u00fctte hat es wieder mal dringend n\u00f6tig. Ein Gro\u00dfputz ist am Dienstag, dem 25.9.2012 ab 14:00 Uhr angesagt. Es ist dringend notwendig, die sichtbaren Gebrauchsspuren des vergangen Jahres an der H\u00fctte zu beseitigen. Also erscheint zahlreich zum besagten Termin auf dem Palmberg. Jede helfende Hand wird dankend angenommen. Bergtour 2012 Um 5:00 UhrContinue reading &rarr;<\/p>\n","protected":false},"author":1,"featured_media":0,"comment_status":"open","ping_status":"open","sticky":false,"template":"","format":"standard","meta":{"footnotes":""},"categories":[1],"tags":[],"class_list":["post-784","post","type-post","status-publish","format-standard","hentry","category-aktuelles","no-thumb"],"_links":{"self":[{"href":"https:\/\/www.hwv-ammerbuch.de\/index.php?rest_route=\/wp\/v2\/posts\/784","targetHints":{"allow":["GET"]}}],"collection":[{"href":"https:\/\/www.hwv-ammerbuch.de\/index.php?rest_route=\/wp\/v2\/posts"}],"about":[{"href":"https:\/\/www.hwv-ammerbuch.de\/index.php?rest_route=\/wp\/v2\/types\/post"}],"author":[{"embeddable":true,"href":"https:\/\/www.hwv-ammerbuch.de\/index.php?rest_route=\/wp\/v2\/users\/1"}],"replies":[{"embeddable":true,"href":"https:\/\/www.hwv-ammerbuch.de\/index.php?rest_route=%2Fwp%2Fv2%2Fcomments&post=784"}],"version-history":[{"count":0,"href":"https:\/\/www.hwv-ammerbuch.de\/index.php?rest_route=\/wp\/v2\/posts\/784\/revisions"}],"wp:attachment":[{"href":"https:\/\/www.hwv-ammerbuch.de\/index.php?rest_route=%2Fwp%2Fv2%2Fmedia&parent=784"}],"wp:term":[{"taxonomy":"category","embeddable":true,"href":"https:\/\/www.hwv-ammerbuch.de\/index.php?rest_route=%2Fwp%2Fv2%2Fcategories&post=784"},{"taxonomy":"post_tag","embeddable":true,"href":"https:\/\/www.hwv-ammerbuch.de\/index.php?rest_route=%2Fwp%2Fv2%2Ftags&post=784"}],"curies":[{"name":"wp","href":"https:\/\/api.w.org\/{rel}","templated":true}]}}