{"id":780,"date":"2012-09-05T09:14:46","date_gmt":"2012-09-05T07:14:46","guid":{"rendered":"http:\/\/hwvammerbuch.wordpress.com\/?p=780"},"modified":"2012-09-05T09:14:46","modified_gmt":"2012-09-05T07:14:46","slug":"vereinsnachrichten-woche-36-3","status":"publish","type":"post","link":"https:\/\/www.hwv-ammerbuch.de\/?p=780","title":{"rendered":"Vereinsnachrichten Woche 36"},"content":{"rendered":"<p><strong>Bergtour<br \/>\n<\/strong>Nach l\u00e4ngerer alpiner Pause trifft sich am Samstag 8. September wieder eine Gruppe, die sich in die Silvretta Bergregion aufmacht. Wir werden Samstagmorgen fr\u00fch losfahren und danach ca. 6 Std, bergauf Wandern.<br \/>\nBei hoffentlich sch\u00f6nem Wetter k\u00f6nnen wir den Blick der Silvretta Nova Gebirge und der Schweitzer Alpen genie\u00dfen.<br \/>\nAm Sonntag 9.9. wandern wir wieder talabw\u00e4rts und werden gegen Abend in Poltringen zur\u00fcck sein.<br \/>\nWF: Gerold Sailer<\/p>\n<p>&nbsp;<\/p>\n<p><strong>H\u00fcttenbetrieb<br \/>\n<\/strong>Am Sonntag 9.9.2012 ist die Palmbergh\u00fctte ab 14:00 Uhr ge\u00f6ffnet.<br \/>\nAuf die G\u00e4ste freuen sich Christl und Hans Roming und Willi Wagner.<\/p>\n<p><strong>Stricken in der Palmbergh\u00fctte<br \/>\n<\/strong>Am Donnerstag 13.9.2012 ab 14:00 Uhr.<\/p>\n","protected":false},"excerpt":{"rendered":"<p>Bergtour Nach l\u00e4ngerer alpiner Pause trifft sich am Samstag 8. September wieder eine Gruppe, die sich in die Silvretta Bergregion aufmacht. Wir werden Samstagmorgen fr\u00fch losfahren und danach ca. 6 Std, bergauf Wandern. Bei hoffentlich sch\u00f6nem Wetter k\u00f6nnen wir den Blick der Silvretta Nova Gebirge und der Schweitzer Alpen genie\u00dfen. Am Sonntag 9.9. wandern wirContinue reading &rarr;<\/p>\n","protected":false},"author":1,"featured_media":0,"comment_status":"open","ping_status":"open","sticky":false,"template":"","format":"standard","meta":{"footnotes":""},"categories":[1],"tags":[],"class_list":["post-780","post","type-post","status-publish","format-standard","hentry","category-aktuelles","no-thumb"],"_links":{"self":[{"href":"https:\/\/www.hwv-ammerbuch.de\/index.php?rest_route=\/wp\/v2\/posts\/780","targetHints":{"allow":["GET"]}}],"collection":[{"href":"https:\/\/www.hwv-ammerbuch.de\/index.php?rest_route=\/wp\/v2\/posts"}],"about":[{"href":"https:\/\/www.hwv-ammerbuch.de\/index.php?rest_route=\/wp\/v2\/types\/post"}],"author":[{"embeddable":true,"href":"https:\/\/www.hwv-ammerbuch.de\/index.php?rest_route=\/wp\/v2\/users\/1"}],"replies":[{"embeddable":true,"href":"https:\/\/www.hwv-ammerbuch.de\/index.php?rest_route=%2Fwp%2Fv2%2Fcomments&post=780"}],"version-history":[{"count":0,"href":"https:\/\/www.hwv-ammerbuch.de\/index.php?rest_route=\/wp\/v2\/posts\/780\/revisions"}],"wp:attachment":[{"href":"https:\/\/www.hwv-ammerbuch.de\/index.php?rest_route=%2Fwp%2Fv2%2Fmedia&parent=780"}],"wp:term":[{"taxonomy":"category","embeddable":true,"href":"https:\/\/www.hwv-ammerbuch.de\/index.php?rest_route=%2Fwp%2Fv2%2Fcategories&post=780"},{"taxonomy":"post_tag","embeddable":true,"href":"https:\/\/www.hwv-ammerbuch.de\/index.php?rest_route=%2Fwp%2Fv2%2Ftags&post=780"}],"curies":[{"name":"wp","href":"https:\/\/api.w.org\/{rel}","templated":true}]}}