{"id":763,"date":"2012-07-02T20:52:31","date_gmt":"2012-07-02T18:52:31","guid":{"rendered":"http:\/\/hwvammerbuch.wordpress.com\/?p=763"},"modified":"2012-07-02T20:52:31","modified_gmt":"2012-07-02T18:52:31","slug":"vereinsnachrichten-woche-27-2","status":"publish","type":"post","link":"https:\/\/www.hwv-ammerbuch.de\/?p=763","title":{"rendered":"Vereinsnachrichten Woche 27"},"content":{"rendered":"<p><strong>H\u00fcttenbetrieb<br \/>\n<\/strong>Am Sonntag 8.7.2012 ist die Palmbergh\u00fctte ab 14:00 Uhr ge\u00f6ffnet. Anneliese und Gabi freuen sich wenn viele G\u00e4ste kommen.<\/p>\n<p><strong>H\u00fcttenbetrieb Dienstagstreff<\/strong><br \/>\nAm Dienstag, dem 10.7.2012 ist die Palmbergh\u00fctte ab 15:00 Uhr ge\u00f6ffnet.<br \/>\nDie Wirtsleute Monika und Wolfgang Mang sind bereit viele gutgelaunte G\u00e4ste zu bewirten.<\/p>\n<p><strong>Stricken in der Palmbergh\u00fctte<br \/>\n<\/strong>Am Donnerstag 12.7.2012 ab 14:00 Uhr.<\/p>\n","protected":false},"excerpt":{"rendered":"<p>H\u00fcttenbetrieb Am Sonntag 8.7.2012 ist die Palmbergh\u00fctte ab 14:00 Uhr ge\u00f6ffnet. Anneliese und Gabi freuen sich wenn viele G\u00e4ste kommen. H\u00fcttenbetrieb Dienstagstreff Am Dienstag, dem 10.7.2012 ist die Palmbergh\u00fctte ab 15:00 Uhr ge\u00f6ffnet. Die Wirtsleute Monika und Wolfgang Mang sind bereit viele gutgelaunte G\u00e4ste zu bewirten. Stricken in der Palmbergh\u00fctte Am Donnerstag 12.7.2012 ab 14:00Continue reading &rarr;<\/p>\n","protected":false},"author":1,"featured_media":0,"comment_status":"open","ping_status":"open","sticky":false,"template":"","format":"standard","meta":{"footnotes":""},"categories":[1],"tags":[],"class_list":["post-763","post","type-post","status-publish","format-standard","hentry","category-aktuelles","no-thumb"],"_links":{"self":[{"href":"https:\/\/www.hwv-ammerbuch.de\/index.php?rest_route=\/wp\/v2\/posts\/763","targetHints":{"allow":["GET"]}}],"collection":[{"href":"https:\/\/www.hwv-ammerbuch.de\/index.php?rest_route=\/wp\/v2\/posts"}],"about":[{"href":"https:\/\/www.hwv-ammerbuch.de\/index.php?rest_route=\/wp\/v2\/types\/post"}],"author":[{"embeddable":true,"href":"https:\/\/www.hwv-ammerbuch.de\/index.php?rest_route=\/wp\/v2\/users\/1"}],"replies":[{"embeddable":true,"href":"https:\/\/www.hwv-ammerbuch.de\/index.php?rest_route=%2Fwp%2Fv2%2Fcomments&post=763"}],"version-history":[{"count":0,"href":"https:\/\/www.hwv-ammerbuch.de\/index.php?rest_route=\/wp\/v2\/posts\/763\/revisions"}],"wp:attachment":[{"href":"https:\/\/www.hwv-ammerbuch.de\/index.php?rest_route=%2Fwp%2Fv2%2Fmedia&parent=763"}],"wp:term":[{"taxonomy":"category","embeddable":true,"href":"https:\/\/www.hwv-ammerbuch.de\/index.php?rest_route=%2Fwp%2Fv2%2Fcategories&post=763"},{"taxonomy":"post_tag","embeddable":true,"href":"https:\/\/www.hwv-ammerbuch.de\/index.php?rest_route=%2Fwp%2Fv2%2Ftags&post=763"}],"curies":[{"name":"wp","href":"https:\/\/api.w.org\/{rel}","templated":true}]}}