{"id":758,"date":"2012-06-12T13:09:23","date_gmt":"2012-06-12T11:09:23","guid":{"rendered":"http:\/\/hwvammerbuch.wordpress.com\/?p=758"},"modified":"2012-06-12T13:09:23","modified_gmt":"2012-06-12T11:09:23","slug":"em-sonnenwendfeier-bei-der-palmberghutte","status":"publish","type":"post","link":"https:\/\/www.hwv-ammerbuch.de\/?p=758","title":{"rendered":"EM  Sonnenwendfeier bei der Palmbergh\u00fctte"},"content":{"rendered":"<h5><a href=\"http:\/\/hwvammerbuch.wordpress.com\/2012\/06\/12\/em-sonnenwendfeier-bei-der-palmberghutte\/img_0101\/\" rel=\"attachment wp-att-382\"><img loading=\"lazy\" decoding=\"async\" class=\"alignnone size-full wp-image-382\" title=\"IMG_0101\" src=\"http:\/\/hwvammerbuch.files.wordpress.com\/2010\/06\/img_0101.jpg\" alt=\"\" width=\"450\" height=\"300\" srcset=\"https:\/\/www.hwv-ammerbuch.de\/wp-content\/uploads\/2010\/06\/img_0101.jpg 450w, https:\/\/www.hwv-ammerbuch.de\/wp-content\/uploads\/2010\/06\/img_0101-300x200.jpg 300w\" sizes=\"auto, (max-width: 450px) 100vw, 450px\" \/><\/a><\/h5>\n<h3>Freitag 22. Juni 2012\u00a0\u00a0\u00a0 Beginn: 19:00 Uhr<\/h3>\n<p>Fackelzug und Entz\u00fcnden des Feuers<\/p>\n<p>(Fackeln k\u00f6nnen vor Ort k\u00e4uflich erworben werden)<\/p>\n<p>Gem\u00fctliches Beisammensein und gemeinsames Singen<\/p>\n<p>Die gesamte Bev\u00f6lkerung ist herzlich eingeladen.<\/p>\n","protected":false},"excerpt":{"rendered":"<p>Freitag 22. Juni 2012\u00a0\u00a0\u00a0 Beginn: 19:00 Uhr Fackelzug und Entz\u00fcnden des Feuers (Fackeln k\u00f6nnen vor Ort k\u00e4uflich erworben werden) Gem\u00fctliches Beisammensein und gemeinsames Singen Die gesamte Bev\u00f6lkerung ist herzlich eingeladen.<\/p>\n","protected":false},"author":1,"featured_media":0,"comment_status":"open","ping_status":"open","sticky":false,"template":"","format":"standard","meta":{"footnotes":""},"categories":[1],"tags":[],"class_list":["post-758","post","type-post","status-publish","format-standard","hentry","category-aktuelles","no-thumb"],"_links":{"self":[{"href":"https:\/\/www.hwv-ammerbuch.de\/index.php?rest_route=\/wp\/v2\/posts\/758","targetHints":{"allow":["GET"]}}],"collection":[{"href":"https:\/\/www.hwv-ammerbuch.de\/index.php?rest_route=\/wp\/v2\/posts"}],"about":[{"href":"https:\/\/www.hwv-ammerbuch.de\/index.php?rest_route=\/wp\/v2\/types\/post"}],"author":[{"embeddable":true,"href":"https:\/\/www.hwv-ammerbuch.de\/index.php?rest_route=\/wp\/v2\/users\/1"}],"replies":[{"embeddable":true,"href":"https:\/\/www.hwv-ammerbuch.de\/index.php?rest_route=%2Fwp%2Fv2%2Fcomments&post=758"}],"version-history":[{"count":0,"href":"https:\/\/www.hwv-ammerbuch.de\/index.php?rest_route=\/wp\/v2\/posts\/758\/revisions"}],"wp:attachment":[{"href":"https:\/\/www.hwv-ammerbuch.de\/index.php?rest_route=%2Fwp%2Fv2%2Fmedia&parent=758"}],"wp:term":[{"taxonomy":"category","embeddable":true,"href":"https:\/\/www.hwv-ammerbuch.de\/index.php?rest_route=%2Fwp%2Fv2%2Fcategories&post=758"},{"taxonomy":"post_tag","embeddable":true,"href":"https:\/\/www.hwv-ammerbuch.de\/index.php?rest_route=%2Fwp%2Fv2%2Ftags&post=758"}],"curies":[{"name":"wp","href":"https:\/\/api.w.org\/{rel}","templated":true}]}}