{"id":755,"date":"2012-06-12T12:41:39","date_gmt":"2012-06-12T10:41:39","guid":{"rendered":"http:\/\/hwvammerbuch.wordpress.com\/?p=755"},"modified":"2012-06-12T12:41:39","modified_gmt":"2012-06-12T10:41:39","slug":"vereinsnachrichten-woche-24-3","status":"publish","type":"post","link":"https:\/\/www.hwv-ammerbuch.de\/?p=755","title":{"rendered":"Vereinsnachrichten Woche 24"},"content":{"rendered":"<p><strong>Sonnenwendfeier<\/strong><br \/>\nArbeitseinsatz zur Vorbereitung des Feuers am Donnerstag 21. Juni ab 17:00 Uhr auf dem Palmberg und Abholung des Maibaumes vom H\u00fclenplatz.\u00a0Unsere diesj\u00e4hrige Sonnenwendfeier findet am Freitag, dem 22. 6. 2012 auf dem Palmberg statt. Beginn ist um 19:00Uhr. Bei Einbruch der Dunkelheit wollen wir einen Fackelzug mit anschlie\u00dfender Entz\u00fcndung des Sonnenwendfeuers starten. Mit gemeinsamem Singen am Feuer wollen wir noch eine Weile gem\u00fctlich beisammen sein. F\u00fcr das leibliche Wohl wird auch gesorgt.<\/p>\n<p><strong>Stricken in der Palmbergh\u00fctte<\/strong><br \/>\nAm Donnerstag 21.6.2012 ab 14:00 Uhr.<\/p>\n","protected":false},"excerpt":{"rendered":"<p>Sonnenwendfeier Arbeitseinsatz zur Vorbereitung des Feuers am Donnerstag 21. Juni ab 17:00 Uhr auf dem Palmberg und Abholung des Maibaumes vom H\u00fclenplatz.\u00a0Unsere diesj\u00e4hrige Sonnenwendfeier findet am Freitag, dem 22. 6. 2012 auf dem Palmberg statt. Beginn ist um 19:00Uhr. Bei Einbruch der Dunkelheit wollen wir einen Fackelzug mit anschlie\u00dfender Entz\u00fcndung des Sonnenwendfeuers starten. Mit gemeinsamemContinue reading &rarr;<\/p>\n","protected":false},"author":1,"featured_media":0,"comment_status":"open","ping_status":"open","sticky":false,"template":"","format":"standard","meta":{"footnotes":""},"categories":[1],"tags":[],"class_list":["post-755","post","type-post","status-publish","format-standard","hentry","category-aktuelles","no-thumb"],"_links":{"self":[{"href":"https:\/\/www.hwv-ammerbuch.de\/index.php?rest_route=\/wp\/v2\/posts\/755","targetHints":{"allow":["GET"]}}],"collection":[{"href":"https:\/\/www.hwv-ammerbuch.de\/index.php?rest_route=\/wp\/v2\/posts"}],"about":[{"href":"https:\/\/www.hwv-ammerbuch.de\/index.php?rest_route=\/wp\/v2\/types\/post"}],"author":[{"embeddable":true,"href":"https:\/\/www.hwv-ammerbuch.de\/index.php?rest_route=\/wp\/v2\/users\/1"}],"replies":[{"embeddable":true,"href":"https:\/\/www.hwv-ammerbuch.de\/index.php?rest_route=%2Fwp%2Fv2%2Fcomments&post=755"}],"version-history":[{"count":0,"href":"https:\/\/www.hwv-ammerbuch.de\/index.php?rest_route=\/wp\/v2\/posts\/755\/revisions"}],"wp:attachment":[{"href":"https:\/\/www.hwv-ammerbuch.de\/index.php?rest_route=%2Fwp%2Fv2%2Fmedia&parent=755"}],"wp:term":[{"taxonomy":"category","embeddable":true,"href":"https:\/\/www.hwv-ammerbuch.de\/index.php?rest_route=%2Fwp%2Fv2%2Fcategories&post=755"},{"taxonomy":"post_tag","embeddable":true,"href":"https:\/\/www.hwv-ammerbuch.de\/index.php?rest_route=%2Fwp%2Fv2%2Ftags&post=755"}],"curies":[{"name":"wp","href":"https:\/\/api.w.org\/{rel}","templated":true}]}}