{"id":738,"date":"2012-05-07T20:44:21","date_gmt":"2012-05-07T18:44:21","guid":{"rendered":"http:\/\/hwvammerbuch.wordpress.com\/?p=738"},"modified":"2022-06-29T19:39:10","modified_gmt":"2022-06-29T19:39:10","slug":"maibaumaufstellung-2","status":"publish","type":"post","link":"https:\/\/www.hwv-ammerbuch.de\/?p=738","title":{"rendered":"Maibaumaufstellung"},"content":{"rendered":"<p>Unter erstaunlich starker Beteiligung unserer jungen Mitb\u00fcrger der Geburtsjahrg\u00e4nge 1994\/1995 wurde am 30. April beim H\u00fclenplatz in Poltringen der Maibaum aufgestellt.<\/p>\n<p>10 Junge Leute schm\u00fcckten den diesj\u00e4hrigen Baum und brachten ihn mit Hilfe einiger kr\u00e4ftiger G\u00e4ste und Vereinsmitglieder in Position. Vortr\u00e4ge von Fr\u00fchlingsgedichten und gemeinsames Singen rundete die Zeremonie ab. Auch viele G\u00e4ste erfreuten sich der Veranstaltung und genossen den lauen Abend gem\u00fctlich unterm Maibaum sitzend, zumal auch ein Verpflegungsstand f\u00fcr das leibliche Wohl sorgte. Leider wurde die Idylle viel zu fr\u00fch durch einen Regenguss gest\u00f6rt.<\/p>\n<address><a href=\"http:\/\/hwvammerbuch.wordpress.com\/2012\/05\/07\/maibaumaufstellung-2\/maibaumaufsteller-2012-1\/\" rel=\"attachment wp-att-739\"><img loading=\"lazy\" decoding=\"async\" class=\"alignnone size-full wp-image-739\" title=\"Maibaumaufsteller-2012-1\" src=\"http:\/\/hwvammerbuch.files.wordpress.com\/2012\/05\/maibaumaufsteller-2012-1.jpeg\" alt=\"\" width=\"450\" height=\"695\" srcset=\"https:\/\/www.hwv-ammerbuch.de\/wp-content\/uploads\/2012\/05\/maibaumaufsteller-2012-1.jpeg 450w, https:\/\/www.hwv-ammerbuch.de\/wp-content\/uploads\/2012\/05\/maibaumaufsteller-2012-1-194x300.jpeg 194w\" sizes=\"auto, (max-width: 450px) 100vw, 450px\" \/><br \/>\n<\/a>Das \u201eMaibaumteam\u201c von links nach rechts: Marietta Sailer, Sarah Norz, Larissa Knapp, Ann-Kathrin Amborn, Franziska Knall, Lukas Baitinger, Katharina Sailer, Adrian Schmid, Michael Schaible, Timo Binder.<\/address>\n","protected":false},"excerpt":{"rendered":"<p>Unter erstaunlich starker Beteiligung unserer jungen Mitb\u00fcrger der Geburtsjahrg\u00e4nge 1994\/1995 wurde am 30. April beim H\u00fclenplatz in Poltringen der Maibaum aufgestellt. 10 Junge Leute schm\u00fcckten den diesj\u00e4hrigen Baum und brachten ihn mit Hilfe einiger kr\u00e4ftiger G\u00e4ste und Vereinsmitglieder in Position. Vortr\u00e4ge von Fr\u00fchlingsgedichten und gemeinsames Singen rundete die Zeremonie ab. Auch viele G\u00e4ste erfreuten sichContinue reading &rarr;<\/p>\n","protected":false},"author":1,"featured_media":0,"comment_status":"closed","ping_status":"closed","sticky":false,"template":"","format":"standard","meta":{"footnotes":""},"categories":[1],"tags":[],"class_list":["post-738","post","type-post","status-publish","format-standard","hentry","category-aktuelles","no-thumb"],"_links":{"self":[{"href":"https:\/\/www.hwv-ammerbuch.de\/index.php?rest_route=\/wp\/v2\/posts\/738","targetHints":{"allow":["GET"]}}],"collection":[{"href":"https:\/\/www.hwv-ammerbuch.de\/index.php?rest_route=\/wp\/v2\/posts"}],"about":[{"href":"https:\/\/www.hwv-ammerbuch.de\/index.php?rest_route=\/wp\/v2\/types\/post"}],"author":[{"embeddable":true,"href":"https:\/\/www.hwv-ammerbuch.de\/index.php?rest_route=\/wp\/v2\/users\/1"}],"replies":[{"embeddable":true,"href":"https:\/\/www.hwv-ammerbuch.de\/index.php?rest_route=%2Fwp%2Fv2%2Fcomments&post=738"}],"version-history":[{"count":2,"href":"https:\/\/www.hwv-ammerbuch.de\/index.php?rest_route=\/wp\/v2\/posts\/738\/revisions"}],"predecessor-version":[{"id":2836,"href":"https:\/\/www.hwv-ammerbuch.de\/index.php?rest_route=\/wp\/v2\/posts\/738\/revisions\/2836"}],"wp:attachment":[{"href":"https:\/\/www.hwv-ammerbuch.de\/index.php?rest_route=%2Fwp%2Fv2%2Fmedia&parent=738"}],"wp:term":[{"taxonomy":"category","embeddable":true,"href":"https:\/\/www.hwv-ammerbuch.de\/index.php?rest_route=%2Fwp%2Fv2%2Fcategories&post=738"},{"taxonomy":"post_tag","embeddable":true,"href":"https:\/\/www.hwv-ammerbuch.de\/index.php?rest_route=%2Fwp%2Fv2%2Ftags&post=738"}],"curies":[{"name":"wp","href":"https:\/\/api.w.org\/{rel}","templated":true}]}}