{"id":734,"date":"2011-07-19T22:37:25","date_gmt":"2011-07-19T20:37:25","guid":{"rendered":"http:\/\/hwvammerbuch.wordpress.com\/?p=612"},"modified":"2011-07-19T22:37:25","modified_gmt":"2011-07-19T20:37:25","slug":"vereinsnachrichten-woche-29","status":"publish","type":"post","link":"https:\/\/www.hwv-ammerbuch.de\/?p=734","title":{"rendered":"Vereinsnachrichten Woche 29"},"content":{"rendered":"<p><strong>Wanderung<\/strong><br \/>\nUnsere Tageswanderung am Sonntag 24.07.2011 auf die Burg Lichtenstein und Nebelh\u00f6hle wird aufgrund von Termin\u00fcberschneidungen sowie der Wetterprognose auf einen anderen Termin verschoben. Den neuen Termin werde ich rechtzeitig bekannt geben.<br \/>\nMit Wandergru\u00df Gerold Sailer <\/p>\n<p><strong>H\u00fcttenbetrieb<\/strong><br \/>\nAm Dienstag, dem 26.7.2011 ist die Palmbergh\u00fctte ab 15:00 Uhr ge\u00f6ffnet. Auf regen Besuch in guter Stimmung freut sich die H\u00fcttenwirtin Inge Sailer.<\/p>\n","protected":false},"excerpt":{"rendered":"<p>Wanderung Unsere Tageswanderung am Sonntag 24.07.2011 auf die Burg Lichtenstein und Nebelh\u00f6hle wird aufgrund von Termin\u00fcberschneidungen sowie der Wetterprognose auf einen anderen Termin verschoben. Den neuen Termin werde ich rechtzeitig bekannt geben. Mit Wandergru\u00df Gerold Sailer H\u00fcttenbetrieb Am Dienstag, dem 26.7.2011 ist die Palmbergh\u00fctte ab 15:00 Uhr ge\u00f6ffnet. Auf regen Besuch in guter Stimmung freutContinue reading &rarr;<\/p>\n","protected":false},"author":1,"featured_media":0,"comment_status":"open","ping_status":"open","sticky":false,"template":"","format":"standard","meta":{"footnotes":""},"categories":[1],"tags":[],"class_list":["post-734","post","type-post","status-publish","format-standard","hentry","category-aktuelles","no-thumb"],"_links":{"self":[{"href":"https:\/\/www.hwv-ammerbuch.de\/index.php?rest_route=\/wp\/v2\/posts\/734","targetHints":{"allow":["GET"]}}],"collection":[{"href":"https:\/\/www.hwv-ammerbuch.de\/index.php?rest_route=\/wp\/v2\/posts"}],"about":[{"href":"https:\/\/www.hwv-ammerbuch.de\/index.php?rest_route=\/wp\/v2\/types\/post"}],"author":[{"embeddable":true,"href":"https:\/\/www.hwv-ammerbuch.de\/index.php?rest_route=\/wp\/v2\/users\/1"}],"replies":[{"embeddable":true,"href":"https:\/\/www.hwv-ammerbuch.de\/index.php?rest_route=%2Fwp%2Fv2%2Fcomments&post=734"}],"version-history":[{"count":0,"href":"https:\/\/www.hwv-ammerbuch.de\/index.php?rest_route=\/wp\/v2\/posts\/734\/revisions"}],"wp:attachment":[{"href":"https:\/\/www.hwv-ammerbuch.de\/index.php?rest_route=%2Fwp%2Fv2%2Fmedia&parent=734"}],"wp:term":[{"taxonomy":"category","embeddable":true,"href":"https:\/\/www.hwv-ammerbuch.de\/index.php?rest_route=%2Fwp%2Fv2%2Fcategories&post=734"},{"taxonomy":"post_tag","embeddable":true,"href":"https:\/\/www.hwv-ammerbuch.de\/index.php?rest_route=%2Fwp%2Fv2%2Ftags&post=734"}],"curies":[{"name":"wp","href":"https:\/\/api.w.org\/{rel}","templated":true}]}}