{"id":730,"date":"2011-06-20T10:33:06","date_gmt":"2011-06-20T08:33:06","guid":{"rendered":"http:\/\/hwvammerbuch.wordpress.com\/?p=596"},"modified":"2011-06-20T10:33:06","modified_gmt":"2011-06-20T08:33:06","slug":"vereinsnachrichten-woche-24-2","status":"publish","type":"post","link":"https:\/\/www.hwv-ammerbuch.de\/?p=730","title":{"rendered":"Vereinsnachrichten Woche 25"},"content":{"rendered":"<p><strong>Sonnenwendfeier<\/strong><br \/>\nUnsere diesj\u00e4hrige Sonnenwendfeier findet am Freitag, dem 24. 6. 2011 auf dem Palmberg statt. Beginn ist um 20:00Uhr. Bei Einbruch der Dunkelheit wollen wir einen Fackelzug mit anschlie\u00dfender Entz\u00fcndung des Sonnenwendfeuers starten. Mit gemeinsamem Singen am Feuer wollen wir noch eine Weile gem\u00fctlich beisammen sein.<br \/>\nF\u00fcr das leibliche Wohl wird auch gesorgt.<\/p>\n<p><strong>Arbeitseinsatz<\/strong><br \/>\nAm Samstag 25.6.2011 wollen wir ab 9:00 Uhr die Aufr\u00e4umungsarbeiten nach der Sonnenwendfeier beginnen. Zahlreiche Helfer und Helferinnen verk\u00fcrzen den Arbeitseinsatz.<\/p>\n<p><strong>H\u00fcttenbetrieb<\/strong><br \/>\nAm Dienstag, dem 28.6.2011 ist die Palmbergh\u00fctte ab 15:00 Uhr ge\u00f6ffnet. Auf regen Besuch in guter Stimmung freut sich die H\u00fcttenwirtin Inge Sailer.<\/p>\n<p><strong>Stricken in der Palmbergh\u00fctte<\/strong><br \/>\nAm Donnerstag 30.6.2011 ab 14:00 Uhr. G\u00e4ste sind herzlich willkommen.<\/p>\n","protected":false},"excerpt":{"rendered":"<p>Sonnenwendfeier Unsere diesj\u00e4hrige Sonnenwendfeier findet am Freitag, dem 24. 6. 2011 auf dem Palmberg statt. Beginn ist um 20:00Uhr. Bei Einbruch der Dunkelheit wollen wir einen Fackelzug mit anschlie\u00dfender Entz\u00fcndung des Sonnenwendfeuers starten. Mit gemeinsamem Singen am Feuer wollen wir noch eine Weile gem\u00fctlich beisammen sein. F\u00fcr das leibliche Wohl wird auch gesorgt. Arbeitseinsatz AmContinue reading &rarr;<\/p>\n","protected":false},"author":1,"featured_media":0,"comment_status":"open","ping_status":"open","sticky":false,"template":"","format":"standard","meta":{"footnotes":""},"categories":[1],"tags":[],"class_list":["post-730","post","type-post","status-publish","format-standard","hentry","category-aktuelles","no-thumb"],"_links":{"self":[{"href":"https:\/\/www.hwv-ammerbuch.de\/index.php?rest_route=\/wp\/v2\/posts\/730","targetHints":{"allow":["GET"]}}],"collection":[{"href":"https:\/\/www.hwv-ammerbuch.de\/index.php?rest_route=\/wp\/v2\/posts"}],"about":[{"href":"https:\/\/www.hwv-ammerbuch.de\/index.php?rest_route=\/wp\/v2\/types\/post"}],"author":[{"embeddable":true,"href":"https:\/\/www.hwv-ammerbuch.de\/index.php?rest_route=\/wp\/v2\/users\/1"}],"replies":[{"embeddable":true,"href":"https:\/\/www.hwv-ammerbuch.de\/index.php?rest_route=%2Fwp%2Fv2%2Fcomments&post=730"}],"version-history":[{"count":0,"href":"https:\/\/www.hwv-ammerbuch.de\/index.php?rest_route=\/wp\/v2\/posts\/730\/revisions"}],"wp:attachment":[{"href":"https:\/\/www.hwv-ammerbuch.de\/index.php?rest_route=%2Fwp%2Fv2%2Fmedia&parent=730"}],"wp:term":[{"taxonomy":"category","embeddable":true,"href":"https:\/\/www.hwv-ammerbuch.de\/index.php?rest_route=%2Fwp%2Fv2%2Fcategories&post=730"},{"taxonomy":"post_tag","embeddable":true,"href":"https:\/\/www.hwv-ammerbuch.de\/index.php?rest_route=%2Fwp%2Fv2%2Ftags&post=730"}],"curies":[{"name":"wp","href":"https:\/\/api.w.org\/{rel}","templated":true}]}}