{"id":662,"date":"2011-11-07T10:11:47","date_gmt":"2011-11-07T08:11:47","guid":{"rendered":"http:\/\/hwvammerbuch.wordpress.com\/?p=662"},"modified":"2011-11-07T10:11:47","modified_gmt":"2011-11-07T08:11:47","slug":"vereinsnachrichten-woche-45","status":"publish","type":"post","link":"https:\/\/www.hwv-ammerbuch.de\/?p=662","title":{"rendered":"Vereinsnachrichten Woche 45"},"content":{"rendered":"<p><strong>Stricken in der Palmbergh\u00fctte<\/strong><br \/>\nAm Donnerstag 17.11.2011 ab 14:00 Uhr. G\u00e4ste sind herzlich willkommen.<\/p>\n<p><strong>Senioren Treff<\/strong><br \/>\nNach \u00fcber 7 Jahre Seniorentreff am Dienstagnachmittag in der Palmbergh\u00fctte m\u00fcssen wir leider aus gesundheitlichen Gr\u00fcnden unsere T\u00e4tigkeit beenden. Besonderen Dank sagen wir unserem Alfons der die ganzen Jahre umsonst mit musikalischer Umrahmung uns unterhalten hat. Auch unserer Anne aus Wurmlingen die uns immer mit ihrer Hilfe tatkr\u00e4ftig unterst\u00fctzt hat gilt unser besonderer Dank. Danken m\u00f6chten wir auch unseren G\u00e4sten aus nah und fern f\u00fcr ihre jahrelange Treue. &#8211; Inge und Anton<\/p>\n<p><strong>H\u00fcttenbetrieb<\/strong><br \/>\n<em>Nachdem nun Inge und Anton aus gesundheitlichen Gr\u00fcnden ihren R\u00fccktritt von dem 14-t\u00e4glichen H\u00fcttenbetrieb dienstags erkl\u00e4rt haben, bem\u00fchen wir uns gerade um eine L\u00f6sung der Weiterf\u00fchrung. Es ist jedoch nicht einfach jemanden zu finden der die zuk\u00fcnftigen Termine als H\u00fcttenwirt\/in wahrnimmt. Also, Freiwillige vor. Vorerst wird zum n\u00e4chsten Termin die Palmbergh\u00fctte auf jeden Fall  ge\u00f6ffnet sein. <\/em><\/p>\n<p>Am <strong>Dienstag, dem 15. November 2011<\/strong> ist die Palmbergh\u00fctte ab 15:00 Uhr ge\u00f6ffnet. <\/p>\n<p><em>An dieser Stelle bedankt sich die Vorstandschaft auch im Namen der Mitglieder, bei Inge und Anton f\u00fcr die jahrelange Durchf\u00fchrung der Veranstaltung. Hatten die G\u00e4ste aus nah und fern doch immer viel Spa\u00df und Kurzweil an den Dienstagnachmittagen. Das gro\u00dfe Einzugsgebiet der  G\u00e4ste zeigte doch die Beliebtheit des so genannten Seniorennachmittags in der Palmbergh\u00fctte. <\/em><\/p>\n<p>Und zum Schluss noch eine Hiobsbotschaft. Die Palmbergh\u00fctte kann am kommenden<br \/>\n<strong>Sonntag, dem 13. November 2011 <\/strong><br \/>\naus personellen Gr\u00fcnden <strong>leider nicht ge\u00f6ffnet<\/strong> werden. <\/p>\n","protected":false},"excerpt":{"rendered":"<p>Stricken in der Palmbergh\u00fctte Am Donnerstag 17.11.2011 ab 14:00 Uhr. G\u00e4ste sind herzlich willkommen. Senioren Treff Nach \u00fcber 7 Jahre Seniorentreff am Dienstagnachmittag in der Palmbergh\u00fctte m\u00fcssen wir leider aus gesundheitlichen Gr\u00fcnden unsere T\u00e4tigkeit beenden. Besonderen Dank sagen wir unserem Alfons der die ganzen Jahre umsonst mit musikalischer Umrahmung uns unterhalten hat. Auch unserer AnneContinue reading &rarr;<\/p>\n","protected":false},"author":1,"featured_media":0,"comment_status":"open","ping_status":"open","sticky":false,"template":"","format":"standard","meta":{"footnotes":""},"categories":[1],"tags":[],"class_list":["post-662","post","type-post","status-publish","format-standard","hentry","category-aktuelles","no-thumb"],"_links":{"self":[{"href":"https:\/\/www.hwv-ammerbuch.de\/index.php?rest_route=\/wp\/v2\/posts\/662","targetHints":{"allow":["GET"]}}],"collection":[{"href":"https:\/\/www.hwv-ammerbuch.de\/index.php?rest_route=\/wp\/v2\/posts"}],"about":[{"href":"https:\/\/www.hwv-ammerbuch.de\/index.php?rest_route=\/wp\/v2\/types\/post"}],"author":[{"embeddable":true,"href":"https:\/\/www.hwv-ammerbuch.de\/index.php?rest_route=\/wp\/v2\/users\/1"}],"replies":[{"embeddable":true,"href":"https:\/\/www.hwv-ammerbuch.de\/index.php?rest_route=%2Fwp%2Fv2%2Fcomments&post=662"}],"version-history":[{"count":0,"href":"https:\/\/www.hwv-ammerbuch.de\/index.php?rest_route=\/wp\/v2\/posts\/662\/revisions"}],"wp:attachment":[{"href":"https:\/\/www.hwv-ammerbuch.de\/index.php?rest_route=%2Fwp%2Fv2%2Fmedia&parent=662"}],"wp:term":[{"taxonomy":"category","embeddable":true,"href":"https:\/\/www.hwv-ammerbuch.de\/index.php?rest_route=%2Fwp%2Fv2%2Fcategories&post=662"},{"taxonomy":"post_tag","embeddable":true,"href":"https:\/\/www.hwv-ammerbuch.de\/index.php?rest_route=%2Fwp%2Fv2%2Ftags&post=662"}],"curies":[{"name":"wp","href":"https:\/\/api.w.org\/{rel}","templated":true}]}}