{"id":641,"date":"2011-10-12T14:09:09","date_gmt":"2011-10-12T12:09:09","guid":{"rendered":"http:\/\/hwvammerbuch.wordpress.com\/?p=641"},"modified":"2011-10-12T14:09:09","modified_gmt":"2011-10-12T12:09:09","slug":"vereinsnachrichten-woche-41","status":"publish","type":"post","link":"https:\/\/www.hwv-ammerbuch.de\/?p=641","title":{"rendered":"Vereinsnachrichten Woche 41"},"content":{"rendered":"<p><strong>Fr\u00fchwanderung<\/strong><br \/>\nEine wundersch\u00f6ne Fr\u00fchwanderung durften die 9 Wanderer aus Poltringen und Entringen im Sch\u00f6nbuch mitmachen.<br \/>\nP\u00fcnktlich starteten wir die Wanderung am Parkplatz durch das Wildgehege Richtung Schaukanzel. Unterwegs konnten wir bereits das R\u00f6hren der Hirsche h\u00f6ren. Angekommen am Ziel, konnten wir gleich den Anblick einiger kapitaler Hirsche sowie etlichem Kahlwild genie\u00dfen. Obwohl wir keine Revierk\u00e4mpfe des Rotwildes sehen konnten, war die Zeit so kurzweilig, dass wir gerne noch einige Zeit auf der Kanzel verbracht h\u00e4tten.<br \/>\nTrotzdem machten wir uns gegen 8:30 Uhr auf den R\u00fcckweg. Durch den sch\u00f6nen Sch\u00f6nbuch wo bereits herbstlich die Bl\u00e4tter fallen und jede Menge Kastanien auf dem Wege lagen und nat\u00fcrlich eingesammelt werden mussten, erreichten wir wieder das Wildgehege. Zur\u00fcck zum Parkplatz und ein St\u00fcckchen weiter zum Entringer Sportheim, wo wir liebevoll von der Wirtin erwartet und bedient wurden, konnten wir das zweite Fr\u00fchst\u00fcck einnehmen und bei herrlichem Sonnenschein den Abschluss der Wanderung genie\u00dfen.<\/p>\n<p><strong>Arbeitseins\u00e4tze<\/strong><br \/>\nAm Freitag dem 14.10.2011 ab 16:00 Uhr und am Samstag 15.10.2011 ab 9:00 Uhr sind Arbeitseins\u00e4tze auf dem Vereinsgel\u00e4nde angesagt. Wir m\u00fcssen unbedingt die Hecken schneiden und den Zaun reparieren. Zeigt Vereinsinteresse, erscheint zahlreich und entlastet die hohe Anzahl Mitglieder die am vergangenen Wochenende beim Zwiebelkuchenfest gro\u00dfen Einsatz gezeigt haben.<\/p>\n<p><strong>H\u00fcttenbetrieb<\/strong><br \/>\nAm Dienstag, dem 18.10.2011 ist die Palmbergh\u00fctte ab 15:00 Uhr ge\u00f6ffnet. Auf regen Besuch in guter Stimmung freut sich die H\u00fcttenwirtin Inge Sailer.<\/p>\n<p><strong>Stricken in der Palmbergh\u00fctte<\/strong><br \/>\nAm Donnerstag 20.10.2011 ab 14:00 Uhr. G\u00e4ste sind herzlich willkommen.<\/p>\n","protected":false},"excerpt":{"rendered":"<p>Fr\u00fchwanderung Eine wundersch\u00f6ne Fr\u00fchwanderung durften die 9 Wanderer aus Poltringen und Entringen im Sch\u00f6nbuch mitmachen. P\u00fcnktlich starteten wir die Wanderung am Parkplatz durch das Wildgehege Richtung Schaukanzel. Unterwegs konnten wir bereits das R\u00f6hren der Hirsche h\u00f6ren. Angekommen am Ziel, konnten wir gleich den Anblick einiger kapitaler Hirsche sowie etlichem Kahlwild genie\u00dfen. Obwohl wir keine Revierk\u00e4mpfeContinue reading &rarr;<\/p>\n","protected":false},"author":1,"featured_media":0,"comment_status":"open","ping_status":"open","sticky":false,"template":"","format":"standard","meta":{"footnotes":""},"categories":[1],"tags":[],"class_list":["post-641","post","type-post","status-publish","format-standard","hentry","category-aktuelles","no-thumb"],"_links":{"self":[{"href":"https:\/\/www.hwv-ammerbuch.de\/index.php?rest_route=\/wp\/v2\/posts\/641","targetHints":{"allow":["GET"]}}],"collection":[{"href":"https:\/\/www.hwv-ammerbuch.de\/index.php?rest_route=\/wp\/v2\/posts"}],"about":[{"href":"https:\/\/www.hwv-ammerbuch.de\/index.php?rest_route=\/wp\/v2\/types\/post"}],"author":[{"embeddable":true,"href":"https:\/\/www.hwv-ammerbuch.de\/index.php?rest_route=\/wp\/v2\/users\/1"}],"replies":[{"embeddable":true,"href":"https:\/\/www.hwv-ammerbuch.de\/index.php?rest_route=%2Fwp%2Fv2%2Fcomments&post=641"}],"version-history":[{"count":0,"href":"https:\/\/www.hwv-ammerbuch.de\/index.php?rest_route=\/wp\/v2\/posts\/641\/revisions"}],"wp:attachment":[{"href":"https:\/\/www.hwv-ammerbuch.de\/index.php?rest_route=%2Fwp%2Fv2%2Fmedia&parent=641"}],"wp:term":[{"taxonomy":"category","embeddable":true,"href":"https:\/\/www.hwv-ammerbuch.de\/index.php?rest_route=%2Fwp%2Fv2%2Fcategories&post=641"},{"taxonomy":"post_tag","embeddable":true,"href":"https:\/\/www.hwv-ammerbuch.de\/index.php?rest_route=%2Fwp%2Fv2%2Ftags&post=641"}],"curies":[{"name":"wp","href":"https:\/\/api.w.org\/{rel}","templated":true}]}}