{"id":585,"date":"2011-05-30T14:58:21","date_gmt":"2011-05-30T12:58:21","guid":{"rendered":"http:\/\/hwvammerbuch.wordpress.com\/?p=585"},"modified":"2011-05-30T14:58:21","modified_gmt":"2011-05-30T12:58:21","slug":"vereinsnachrichten-woche-22","status":"publish","type":"post","link":"https:\/\/www.hwv-ammerbuch.de\/?p=585","title":{"rendered":"Vereinsnachrichten Woche 22"},"content":{"rendered":"<p><strong>Tageswanderung<\/strong><br \/>\nWir wollen an dieser Wanderung die Gartenschau in Horb besuchen.<br \/>\nTreffpunkt am 05.06.2011 um 09:30Uhr am Poltringer Feuerwehrmagazin. In Fahrgemeinschaften fahren wir mit privaten Pkws nach Horb. Die Gartenschau bietet viele Optionen so, dass jeder das besichtigen kann wof\u00fcr er sich interessiert. Eine Gruppenf\u00fchrung habe ich nicht organisiert. Je nach Wetterlage werden wir uns noch in Poltringen verabreden um welche Uhrzeit wir die Heimreise antreten werden.<br \/>\nEinkehrm\u00f6glichkeiten gibt es sicher gen\u00fcgend. Vor Abfahrt bekommt jeder einen Plan der Gartenschau. Wer sich vorab informieren m\u00f6chte, sollte bitte in die Homepage www.gartenschau-horb.de klicken. Der Eintritt pro Person betr\u00e4gt 11,- \u20ac + 3,- \u20ac Fahrgeld und evtl. Parkgeb\u00fchren. (Mit-Fahrgeld bei Wanderungen 5,- \u20ac\/100Km) Bei dieser Fahrt bitte dem Fahrer 3,- \u20ac bezahlen. Gastwanderer sind herzlich willkommen.<br \/>\nWF: Gerold Sailer<\/p>\n<p><strong>Stricken in der Palmbergh\u00fctte<\/strong><br \/>\nAm Donnerstag 9.6.2011 ab 14:00 Uhr. G\u00e4ste sind herzlich willkommen.<\/p>\n<p><strong>Vorschau Juni<\/strong><br \/>\nFreitag 24.6.2011 Sonnenwendfeier.<\/p>\n","protected":false},"excerpt":{"rendered":"<p>Tageswanderung Wir wollen an dieser Wanderung die Gartenschau in Horb besuchen. Treffpunkt am 05.06.2011 um 09:30Uhr am Poltringer Feuerwehrmagazin. In Fahrgemeinschaften fahren wir mit privaten Pkws nach Horb. Die Gartenschau bietet viele Optionen so, dass jeder das besichtigen kann wof\u00fcr er sich interessiert. Eine Gruppenf\u00fchrung habe ich nicht organisiert. Je nach Wetterlage werden wir unsContinue reading &rarr;<\/p>\n","protected":false},"author":1,"featured_media":0,"comment_status":"open","ping_status":"open","sticky":false,"template":"","format":"standard","meta":{"footnotes":""},"categories":[1],"tags":[],"class_list":["post-585","post","type-post","status-publish","format-standard","hentry","category-aktuelles","no-thumb"],"_links":{"self":[{"href":"https:\/\/www.hwv-ammerbuch.de\/index.php?rest_route=\/wp\/v2\/posts\/585","targetHints":{"allow":["GET"]}}],"collection":[{"href":"https:\/\/www.hwv-ammerbuch.de\/index.php?rest_route=\/wp\/v2\/posts"}],"about":[{"href":"https:\/\/www.hwv-ammerbuch.de\/index.php?rest_route=\/wp\/v2\/types\/post"}],"author":[{"embeddable":true,"href":"https:\/\/www.hwv-ammerbuch.de\/index.php?rest_route=\/wp\/v2\/users\/1"}],"replies":[{"embeddable":true,"href":"https:\/\/www.hwv-ammerbuch.de\/index.php?rest_route=%2Fwp%2Fv2%2Fcomments&post=585"}],"version-history":[{"count":0,"href":"https:\/\/www.hwv-ammerbuch.de\/index.php?rest_route=\/wp\/v2\/posts\/585\/revisions"}],"wp:attachment":[{"href":"https:\/\/www.hwv-ammerbuch.de\/index.php?rest_route=%2Fwp%2Fv2%2Fmedia&parent=585"}],"wp:term":[{"taxonomy":"category","embeddable":true,"href":"https:\/\/www.hwv-ammerbuch.de\/index.php?rest_route=%2Fwp%2Fv2%2Fcategories&post=585"},{"taxonomy":"post_tag","embeddable":true,"href":"https:\/\/www.hwv-ammerbuch.de\/index.php?rest_route=%2Fwp%2Fv2%2Ftags&post=585"}],"curies":[{"name":"wp","href":"https:\/\/api.w.org\/{rel}","templated":true}]}}