{"id":565,"date":"2011-05-27T09:20:39","date_gmt":"2011-05-27T07:20:39","guid":{"rendered":"http:\/\/hwvammerbuch.wordpress.com\/?p=565"},"modified":"2011-05-27T09:20:39","modified_gmt":"2011-05-27T07:20:39","slug":"vereinsnachrichten-woche-21","status":"publish","type":"post","link":"https:\/\/www.hwv-ammerbuch.de\/?p=565","title":{"rendered":"Vereinsnachrichten Woche 21"},"content":{"rendered":"<p><strong>Preisgewinn<\/strong><br \/>\nBei der Festveranstaltung des Liederkranzes Poltringen zu dessen 100 j\u00e4hrigem Jubil\u00e4um am Freitagabend dem 20.5.2011, unter dem Motto \u201ePoltringen sucht sein Supertalent\u201c, wurde der Heimat- und Wanderverein mit dem St\u00fcck \u201eKriminaltango\u201c von den Juroren als bester Teilnehmer unter 10 Bewerbern bewertet. Daf\u00fcr gab es den 1.Preis in Form eines Pokals. Einen Trostpreis erhielten wir zus\u00e4tzlich f\u00fcr das St\u00fcck \u201eEin Loch ist im Eimer\u201c.<\/p>\n<p><img decoding=\"async\" src=\"http:\/\/hwvammerbuch.files.wordpress.com\/2011\/05\/img_0085_450.jpg\" alt=\"\" \/><\/p>\n<p><strong>H\u00fcttenbetrieb<\/strong><br \/>\nAm Dienstag, dem 31.5.2011 ist die Palmbergh\u00fctte ab 15:00 Uhr ge\u00f6ffnet. Auf regen Besuch in guter Stimmung freut sich die H\u00fcttenwirtin Inge Sailer.<\/p>\n<p><strong>Hier ein paar Bilder<\/strong><\/p>\n<p><!--more--><\/p>\n<p><img decoding=\"async\" src=\"http:\/\/hwvammerbuch.files.wordpress.com\/2011\/05\/img_0014_450.jpg\" alt=\"\" \/><\/p>\n<p><img decoding=\"async\" src=\"http:\/\/hwvammerbuch.files.wordpress.com\/2011\/05\/img_0015_450.jpg\" alt=\"\" \/><\/p>\n<p><img decoding=\"async\" src=\"\/\/hwvammerbuch.files.wordpress.com\/2011\/05\/img_0061_450.jpg\" alt=\"\" \/><\/p>\n<p><img decoding=\"async\" src=\"http:\/\/hwvammerbuch.files.wordpress.com\/2011\/05\/img_0085_450.jpg\" alt=\"\" \/><\/p>\n<p><img decoding=\"async\" src=\"http:\/\/hwvammerbuch.files.wordpress.com\/2011\/05\/img_0086_450.jpg\" alt=\"\" \/><\/p>\n","protected":false},"excerpt":{"rendered":"<p>Preisgewinn Bei der Festveranstaltung des Liederkranzes Poltringen zu dessen 100 j\u00e4hrigem Jubil\u00e4um am Freitagabend dem 20.5.2011, unter dem Motto \u201ePoltringen sucht sein Supertalent\u201c, wurde der Heimat- und Wanderverein mit dem St\u00fcck \u201eKriminaltango\u201c von den Juroren als bester Teilnehmer unter 10 Bewerbern bewertet. Daf\u00fcr gab es den 1.Preis in Form eines Pokals. Einen Trostpreis erhielten wirContinue reading &rarr;<\/p>\n","protected":false},"author":1,"featured_media":0,"comment_status":"open","ping_status":"open","sticky":false,"template":"","format":"standard","meta":{"footnotes":""},"categories":[1],"tags":[],"class_list":["post-565","post","type-post","status-publish","format-standard","hentry","category-aktuelles","no-thumb"],"_links":{"self":[{"href":"https:\/\/www.hwv-ammerbuch.de\/index.php?rest_route=\/wp\/v2\/posts\/565","targetHints":{"allow":["GET"]}}],"collection":[{"href":"https:\/\/www.hwv-ammerbuch.de\/index.php?rest_route=\/wp\/v2\/posts"}],"about":[{"href":"https:\/\/www.hwv-ammerbuch.de\/index.php?rest_route=\/wp\/v2\/types\/post"}],"author":[{"embeddable":true,"href":"https:\/\/www.hwv-ammerbuch.de\/index.php?rest_route=\/wp\/v2\/users\/1"}],"replies":[{"embeddable":true,"href":"https:\/\/www.hwv-ammerbuch.de\/index.php?rest_route=%2Fwp%2Fv2%2Fcomments&post=565"}],"version-history":[{"count":0,"href":"https:\/\/www.hwv-ammerbuch.de\/index.php?rest_route=\/wp\/v2\/posts\/565\/revisions"}],"wp:attachment":[{"href":"https:\/\/www.hwv-ammerbuch.de\/index.php?rest_route=%2Fwp%2Fv2%2Fmedia&parent=565"}],"wp:term":[{"taxonomy":"category","embeddable":true,"href":"https:\/\/www.hwv-ammerbuch.de\/index.php?rest_route=%2Fwp%2Fv2%2Fcategories&post=565"},{"taxonomy":"post_tag","embeddable":true,"href":"https:\/\/www.hwv-ammerbuch.de\/index.php?rest_route=%2Fwp%2Fv2%2Ftags&post=565"}],"curies":[{"name":"wp","href":"https:\/\/api.w.org\/{rel}","templated":true}]}}