{"id":520,"date":"2011-04-05T09:15:28","date_gmt":"2011-04-05T07:15:28","guid":{"rendered":"http:\/\/hwvammerbuch.wordpress.com\/?p=520"},"modified":"2011-04-05T09:15:28","modified_gmt":"2011-04-05T07:15:28","slug":"vereinsnachrichten-woche-14","status":"publish","type":"post","link":"https:\/\/www.hwv-ammerbuch.de\/?p=520","title":{"rendered":"Vereinsnachrichten Woche 14"},"content":{"rendered":"<p><strong>Arbeitseinsatz<\/strong><br \/>\nAm Samstag 9.4.2011 ab 9:00 Uhr wollen wir wieder mal das Gel\u00e4nde um die Palmbergh\u00fctte pflegen. Auch im Bereich Spielplatz gibt es einiges zu tun. Also liebe Mitglieder vertreibt die Fr\u00fchjahrsm\u00fcdigkeit und kommt zur Palmbergh\u00fctte. <\/p>\n<p><strong>H\u00fcttenbetrieb<\/strong><br \/>\nAm Sonntag, dem 10.4.2011 ist die Palmbergh\u00fctte ab 14:00 Uhr ge\u00f6ffnet. Auf regen Besuch freuen sich die H\u00fcttenwirte Mathias Krauss und Bernd Thurow.<br \/>\nStricken in der Palmbergh\u00fctte<br \/>\nAm Donnerstag 14.4.2011 ab 14:00 Uhr. G\u00e4ste sind herzlich willkommen.<\/p>\n<p><strong>Vorschau<\/strong><br \/>\nAm 30.4.2011 Maibaumaufstellung beim H\u00fclenplatz in Poltringen.<br \/>\n1. Mai Palmberghocketse mit den \u201eRoalern\u201c aus Oberndorf und Braten aus dem Backh\u00e4usle.<\/p>\n<p><strong>Halbtageswanderung<\/strong><br \/>\nTrotz Wahlsonntag, hat sich eine Wandergruppe am Sonntag 27.03.2011, um 14.00Uhr zur Abfahrt nach Tailfingen am Rathaus in Poltringen getroffen. Mit dem Auto fuhren wir bis an das Rathaus in Tailfingen. Im Rathaus besuchten wir das Museum \u00fcber  das KZ-Au\u00dfenlager Hailfingen\/Tailfingen. Danach wanderten wir vorbei an der Baumschule zum  Mahnmal des KZ-Au\u00dfenlager Hailfingen \u2022 Tailfingen welches sich am westlichen Ende der Start- und Landebahn des ehemaligen Flugplatzgel\u00e4ndes befindet. Eigentlich sollte sich die Wandergruppe jetzt in zwei Gruppen aufteilen. Die eine Gruppe wollte der Landebahn entlang wandern und die andere Gruppe sollte zum Beginn des Kochart Grabens wandern. Allerdings waren alle Beteiligten am Weg der Landebahn interessiert, so dass wir gemeinsam entlang des kleinen Naturparks, der sich in der Zwischenzeit eigenm\u00e4chtig auf der Landebahn gebildet hatte, gewandert sind. Direkt am Ende der Landebahn haben wir dann unser neu beschlossenes Zwischenziel, den Mostbesen in Hailfingen erreicht. Nach ein paar geselligen Stunden, wanderten wir zur\u00fcck zu unseren Autos und fuhren heim nach Poltringen.<br \/>\nEinen Dank sagen wir an unsere Wanderf\u00fchrerin Margarete Sailer.<\/p>\n<p><img decoding=\"async\" src=\"http:\/\/hwvammerbuch.files.wordpress.com\/2011\/04\/tailfingen_270311.jpg\" alt=\"\" \/><\/p>\n","protected":false},"excerpt":{"rendered":"<p>Arbeitseinsatz Am Samstag 9.4.2011 ab 9:00 Uhr wollen wir wieder mal das Gel\u00e4nde um die Palmbergh\u00fctte pflegen. Auch im Bereich Spielplatz gibt es einiges zu tun. Also liebe Mitglieder vertreibt die Fr\u00fchjahrsm\u00fcdigkeit und kommt zur Palmbergh\u00fctte. H\u00fcttenbetrieb Am Sonntag, dem 10.4.2011 ist die Palmbergh\u00fctte ab 14:00 Uhr ge\u00f6ffnet. Auf regen Besuch freuen sich die H\u00fcttenwirteContinue reading &rarr;<\/p>\n","protected":false},"author":1,"featured_media":0,"comment_status":"open","ping_status":"open","sticky":false,"template":"","format":"standard","meta":{"footnotes":""},"categories":[1],"tags":[],"class_list":["post-520","post","type-post","status-publish","format-standard","hentry","category-aktuelles","no-thumb"],"_links":{"self":[{"href":"https:\/\/www.hwv-ammerbuch.de\/index.php?rest_route=\/wp\/v2\/posts\/520","targetHints":{"allow":["GET"]}}],"collection":[{"href":"https:\/\/www.hwv-ammerbuch.de\/index.php?rest_route=\/wp\/v2\/posts"}],"about":[{"href":"https:\/\/www.hwv-ammerbuch.de\/index.php?rest_route=\/wp\/v2\/types\/post"}],"author":[{"embeddable":true,"href":"https:\/\/www.hwv-ammerbuch.de\/index.php?rest_route=\/wp\/v2\/users\/1"}],"replies":[{"embeddable":true,"href":"https:\/\/www.hwv-ammerbuch.de\/index.php?rest_route=%2Fwp%2Fv2%2Fcomments&post=520"}],"version-history":[{"count":0,"href":"https:\/\/www.hwv-ammerbuch.de\/index.php?rest_route=\/wp\/v2\/posts\/520\/revisions"}],"wp:attachment":[{"href":"https:\/\/www.hwv-ammerbuch.de\/index.php?rest_route=%2Fwp%2Fv2%2Fmedia&parent=520"}],"wp:term":[{"taxonomy":"category","embeddable":true,"href":"https:\/\/www.hwv-ammerbuch.de\/index.php?rest_route=%2Fwp%2Fv2%2Fcategories&post=520"},{"taxonomy":"post_tag","embeddable":true,"href":"https:\/\/www.hwv-ammerbuch.de\/index.php?rest_route=%2Fwp%2Fv2%2Ftags&post=520"}],"curies":[{"name":"wp","href":"https:\/\/api.w.org\/{rel}","templated":true}]}}