{"id":513,"date":"2011-03-28T13:06:04","date_gmt":"2011-03-28T11:06:04","guid":{"rendered":"http:\/\/hwvammerbuch.wordpress.com\/?p=513"},"modified":"2014-12-29T20:18:20","modified_gmt":"2014-12-29T20:18:20","slug":"vereinsnachrichten-woche-13","status":"publish","type":"post","link":"https:\/\/www.hwv-ammerbuch.de\/?p=513","title":{"rendered":"Vereinsnachrichten Woche 13"},"content":{"rendered":"<p><strong>H\u00fcttenbetrieb<\/strong><br \/>\nAm Dienstag, dem 5.4.2011 ist die Palmbergh\u00fctte ab 15:00 Uhr ge\u00f6ffnet. Auf regen Besuch in guter Stimmung freut sich die H\u00fcttenwirtin Inge Sailer.<\/p>\n<p><strong>Stricken in der Palmbergh\u00fctte<\/strong><br \/>\nAm Donnerstag 7.4.2011 ab 14:00 Uhr. G\u00e4ste sind herzlich willkommen.<\/p>\n<p><strong>Jahreshauptversammlung<\/strong><br \/>\n<img decoding=\"async\" src=\"http:\/\/hwvammerbuch.files.wordpress.com\/2011\/03\/geehrte_2011.jpg\" alt=\"\" \/><br \/>\nDie anwesenden geehrten Mitglieder, v.l.n.r: Ottmar Beck, Wolfgang Mang, Wolfgang Sailer und Adolf Schaible.<\/p>\n<p><!--more--><\/p>\n<p>Einstimmig wiedergew\u00e4hlt haben die 31 anwesenden Mitglieder, die zur Jahreshauptversammlung am 11. M\u00e4rz 2011 zur Wahl anstehenden Posten, die bisherigen Inhaber.  Da es keine neuen Vorschl\u00e4ge gab wurden Egon Bischofberger 2. Vorsitzender, Hans Niethammer Schriftf\u00fchrer, Anneliese Schoensee 2. H\u00fcttenwartin und Gerold Sailer Wanderwart f\u00fcr die n\u00e4chsten 2 Jahre in ihren \u00c4mtern best\u00e4tigt. Leider konnte auch in diesem Jahr abermals kein\/e Kandidat\/in f\u00fcr den Posten \u201eJugendleiter\/in\u201c motiviert werden bedauerte der Wahlleiter, unser Ehrenvorsitzender Helmut Flaisch. Dem Bericht der 1. Vorsitzenden Margot Sailer waren rege Vereinsaktivit\u00e4ten  zu entnehmen. Wiederkehrende Veranstaltungen wie Maibaumaufstellung, Sonnenwendfeier, Preisbinokel, Zwiebelkuchenfest und die Organisation eines Verpflegungsstandes beim Poltringer Fasnetsumzug wurden, Dank der flei\u00dfigen Helfer aus dem Kreise der Mitglieder, ebenso erfolgreich durchgef\u00fchrt wie die Vereinswanderungen, die Arbeitseins\u00e4tze auf dem Vereinsgel\u00e4nde und an der Palmbergh\u00fctte sowie auch die Teilnahme an der von der Ortsverwaltung organisierten \u201eFleckaputzete\u201c. Kulturwartin Erika Niethammer berichtete \u00fcber 32 kurzweilige Stricknachmittage die mittlerweile erfolgreich 8 Frauen zur regelm\u00e4\u00dfigen Teilnahme motivieren. Ein eingespieltes Team kommt nun mittlerweile auch schon seit 5 Jahren zum Einsatz, die Kuchen f\u00fcr unser allj\u00e4hrliches Herbstfest \u201eNeuer Wein und Zwiebelkuchen\u201c dem Backh\u00e4usle zu entlocken. Der 2. Vorsitzende Egon Bischofberger erl\u00e4utert die ge\u00e4nderten Richtlinien zur Nutzung der Palmbergh\u00fctte bei Vermietungen. Platzwart Willi Friedrich ist mit den durchgef\u00fchrten T\u00e4tigkeiten, bei den Arbeitseins\u00e4tzen auf dem Vereinsgel\u00e4nde, zufrieden. Auch die Vereinskasse weist ordentliche Zahlen aus und wurde gem\u00e4\u00df  Bericht der Kassenpr\u00fcferinnen Renate F\u00fcger und Margarete Sailer ordentlich gef\u00fchrt so, dass der anwesende Ortsvorsteher Herr Reinhold Hess der Vereinsleitung hervorragende Arbeit bescheinigte und der Versammlung die Entlastung der Kassiererin Monika Mang und der Vorstandschaft empfahl. Die Entlastung endete mit einer einstimmigen Best\u00e4tigung. H\u00fcttenwart Wolfgang Mang wurde f\u00fcr 10 Jahre Ausschusst\u00e4tigkeit, Ottmar Beck, Wolfgang Sailer, Adolf Schaible, Thomas Hartmann, Anneliese Edel und Georg Edel wurden f\u00fcr 40 Jahre, Petra Flaisch, Katrin Flaisch, und Sabine Flaisch f\u00fcr 25 Jahre Vereinzugeh\u00f6rigkeit geehrt. Zum Schluss bedankte sich die 1. Vorsitzende bei den Frauen mit einem kleinen  Blumenstr\u00e4u\u00dfchen f\u00fcr die geleisteten Arbeiten im vergangenen Vereinsjahr. Nach dem reibungslosen Ablauf der Versammlung f\u00fchrte Wanderwart Gerold Sailer, zum Abschluss noch einige Bilder vom vergangenen Vereinsjahr vor.<\/p>\n","protected":false},"excerpt":{"rendered":"<p>H\u00fcttenbetrieb Am Dienstag, dem 5.4.2011 ist die Palmbergh\u00fctte ab 15:00 Uhr ge\u00f6ffnet. Auf regen Besuch in guter Stimmung freut sich die H\u00fcttenwirtin Inge Sailer. Stricken in der Palmbergh\u00fctte Am Donnerstag 7.4.2011 ab 14:00 Uhr. G\u00e4ste sind herzlich willkommen. Jahreshauptversammlung Die anwesenden geehrten Mitglieder, v.l.n.r: Ottmar Beck, Wolfgang Mang, Wolfgang Sailer und Adolf Schaible.<\/p>\n","protected":false},"author":1,"featured_media":0,"comment_status":"closed","ping_status":"open","sticky":false,"template":"","format":"standard","meta":{"footnotes":""},"categories":[1],"tags":[],"class_list":["post-513","post","type-post","status-publish","format-standard","hentry","category-aktuelles","no-thumb"],"_links":{"self":[{"href":"https:\/\/www.hwv-ammerbuch.de\/index.php?rest_route=\/wp\/v2\/posts\/513","targetHints":{"allow":["GET"]}}],"collection":[{"href":"https:\/\/www.hwv-ammerbuch.de\/index.php?rest_route=\/wp\/v2\/posts"}],"about":[{"href":"https:\/\/www.hwv-ammerbuch.de\/index.php?rest_route=\/wp\/v2\/types\/post"}],"author":[{"embeddable":true,"href":"https:\/\/www.hwv-ammerbuch.de\/index.php?rest_route=\/wp\/v2\/users\/1"}],"replies":[{"embeddable":true,"href":"https:\/\/www.hwv-ammerbuch.de\/index.php?rest_route=%2Fwp%2Fv2%2Fcomments&post=513"}],"version-history":[{"count":1,"href":"https:\/\/www.hwv-ammerbuch.de\/index.php?rest_route=\/wp\/v2\/posts\/513\/revisions"}],"predecessor-version":[{"id":1511,"href":"https:\/\/www.hwv-ammerbuch.de\/index.php?rest_route=\/wp\/v2\/posts\/513\/revisions\/1511"}],"wp:attachment":[{"href":"https:\/\/www.hwv-ammerbuch.de\/index.php?rest_route=%2Fwp%2Fv2%2Fmedia&parent=513"}],"wp:term":[{"taxonomy":"category","embeddable":true,"href":"https:\/\/www.hwv-ammerbuch.de\/index.php?rest_route=%2Fwp%2Fv2%2Fcategories&post=513"},{"taxonomy":"post_tag","embeddable":true,"href":"https:\/\/www.hwv-ammerbuch.de\/index.php?rest_route=%2Fwp%2Fv2%2Ftags&post=513"}],"curies":[{"name":"wp","href":"https:\/\/api.w.org\/{rel}","templated":true}]}}