{"id":474,"date":"2011-02-28T14:57:07","date_gmt":"2011-02-28T12:57:07","guid":{"rendered":"http:\/\/hwvammerbuch.wordpress.com\/?p=474"},"modified":"2011-02-28T14:57:07","modified_gmt":"2011-02-28T12:57:07","slug":"vereinsnachrichten-woche-9","status":"publish","type":"post","link":"https:\/\/www.hwv-ammerbuch.de\/?p=474","title":{"rendered":"Vereinsnachrichten Woche 9"},"content":{"rendered":"<p><img decoding=\"async\" src=\"http:\/\/hwvammerbuch.files.wordpress.com\/2011\/03\/wanderung_06022011.jpg\" alt=\"\" \/><\/p>\n<p><strong>1.Wanderung 2011<\/strong><br \/>\nBei sonniger Fr\u00fchlingstemperatur machten wir uns um 10:15 Uhr zu unserer 1.Wanderung 2011 auf. Am Sportheim vorbei Richtung Pf\u00e4ffingen und dann weiter zur Wurmlinger Kappelle. Am Fu\u00dfe der Kapelle musste leider unser j\u00fcngster Wanderer vorzeitig abbrechen. Unsere Wanderung f\u00fchrte uns nun hoch zur Wurmlinger Kapelle. Unterwegs legten wir an jeder Hinweistafel einen kleinen Stopp ein um die Texte der Tafeln, die den Uhlandweg kennzeichnen, zu lesen. Danach ging es bergab bis zur Grillstelle an der wir unsere Rast einlegten und eine wundersch\u00f6ne Landschaft im Ammertal bewundern konnten. Gest\u00e4rkt wanderten wir den Spitzberg hoch entlang der restlichen Tafeln des Uhlandweges bis zum Bismarckturm. Ein Gruppenfoto war angesagt und auch von dieser Stelle hatten wir eine Topp Aussicht auf die Stadt T\u00fcbingen. Weiter Richtung T\u00fcbinger Schloss, vorbei an den Pfeil und Bogen Sch\u00fctzen wanderten wir durch die Innenstadt zur Neckarm\u00fcllerei. Bei einem wohl verdienten Getr\u00e4nk konnten wir dann nochmals zur\u00fcckblicken auf eine wundersch\u00f6ne, allerdings auch etwas l\u00e4ngere Wanderung. Nach unserem Imbiss zogen wir weiter zum Hauptbahnhof. Mit der Ammertalbahn ging\u2019s dann Richtung Heimat, so dass alle gegen 19:00 Uhr wieder zu Hause waren.<br \/>\nBis zur n\u00e4chsten Wanderung<br \/>\nGerold Sailer Wanderwart<\/p>\n<p><strong>Vorschau M\u00e4rz<\/strong><br \/>\nFreitag    11.3.2011 Jahreshauptversammlung<br \/>\nSonntag  13.3.2011 H\u00fcttenbetrieb<br \/>\nSonntag         27.3.2011 Wanderung<\/p>\n<p><strong>Stricken in der Palmbergh\u00fctte<\/strong><br \/>\nAm Donnerstag 10.3.2011 ab 14:00 Uhr. G\u00e4ste sind herzlich willkommen.<\/p>\n","protected":false},"excerpt":{"rendered":"<p>1.Wanderung 2011 Bei sonniger Fr\u00fchlingstemperatur machten wir uns um 10:15 Uhr zu unserer 1.Wanderung 2011 auf. Am Sportheim vorbei Richtung Pf\u00e4ffingen und dann weiter zur Wurmlinger Kappelle. Am Fu\u00dfe der Kapelle musste leider unser j\u00fcngster Wanderer vorzeitig abbrechen. Unsere Wanderung f\u00fchrte uns nun hoch zur Wurmlinger Kapelle. Unterwegs legten wir an jeder Hinweistafel einen kleinenContinue reading &rarr;<\/p>\n","protected":false},"author":1,"featured_media":0,"comment_status":"open","ping_status":"open","sticky":false,"template":"","format":"standard","meta":{"footnotes":""},"categories":[1],"tags":[],"class_list":["post-474","post","type-post","status-publish","format-standard","hentry","category-aktuelles","no-thumb"],"_links":{"self":[{"href":"https:\/\/www.hwv-ammerbuch.de\/index.php?rest_route=\/wp\/v2\/posts\/474","targetHints":{"allow":["GET"]}}],"collection":[{"href":"https:\/\/www.hwv-ammerbuch.de\/index.php?rest_route=\/wp\/v2\/posts"}],"about":[{"href":"https:\/\/www.hwv-ammerbuch.de\/index.php?rest_route=\/wp\/v2\/types\/post"}],"author":[{"embeddable":true,"href":"https:\/\/www.hwv-ammerbuch.de\/index.php?rest_route=\/wp\/v2\/users\/1"}],"replies":[{"embeddable":true,"href":"https:\/\/www.hwv-ammerbuch.de\/index.php?rest_route=%2Fwp%2Fv2%2Fcomments&post=474"}],"version-history":[{"count":0,"href":"https:\/\/www.hwv-ammerbuch.de\/index.php?rest_route=\/wp\/v2\/posts\/474\/revisions"}],"wp:attachment":[{"href":"https:\/\/www.hwv-ammerbuch.de\/index.php?rest_route=%2Fwp%2Fv2%2Fmedia&parent=474"}],"wp:term":[{"taxonomy":"category","embeddable":true,"href":"https:\/\/www.hwv-ammerbuch.de\/index.php?rest_route=%2Fwp%2Fv2%2Fcategories&post=474"},{"taxonomy":"post_tag","embeddable":true,"href":"https:\/\/www.hwv-ammerbuch.de\/index.php?rest_route=%2Fwp%2Fv2%2Ftags&post=474"}],"curies":[{"name":"wp","href":"https:\/\/api.w.org\/{rel}","templated":true}]}}