{"id":467,"date":"2011-02-20T14:50:33","date_gmt":"2011-02-20T12:50:33","guid":{"rendered":"http:\/\/hwvammerbuch.wordpress.com\/?p=467"},"modified":"2011-02-20T14:50:33","modified_gmt":"2011-02-20T12:50:33","slug":"vereinsnachrichten-woche-8","status":"publish","type":"post","link":"https:\/\/www.hwv-ammerbuch.de\/?p=467","title":{"rendered":"Vereinsnachrichten Woche 8"},"content":{"rendered":"<p><strong>Einladung zur Jahreshauptversammlung<\/strong><br \/>\nAm Freitag 11.3.2011<br \/>\nIn der Palmbergh\u00fctte Poltringen<br \/>\nBeginn: 20:00 Uhr<br \/>\nTagesordnung:<br \/>\n1.   Begr\u00fc\u00dfung durch die 1. Vorsitzende und Bericht<br \/>\n2.   Bericht der Kassiererin<br \/>\n3.   Bericht der Kassenpr\u00fcferinnen<br \/>\n4.   Bericht des Schriftf\u00fchrers<br \/>\n5.   Bericht des H\u00fcttenwartes<br \/>\n6.   Bericht der Kulturwartin<br \/>\n7.   Bericht des Platzwartes<br \/>\n8.   Bericht des Wanderwartes<br \/>\n9.   Entlastungen<br \/>\n10.  Ehrungen<br \/>\n&#8211;Pause&#8211;<br \/>\n11.  Neuwahlen<br \/>\n12. Antr\u00e4ge\/Verschiedenes<br \/>\nAntr\u00e4ge zur Tagesordnung sind bis sp\u00e4testens 4.3.2011 an die 1. Vorsitzende<br \/>\nMargot Sailer zu richten.<\/p>\n<p><strong>Arbeitseins\u00e4tze<\/strong><br \/>\nAm Samstag, dem 26.2.2011 treffen wir uns um 9:00 Uhr auf dem Palmberg bei den Garagen zu Vorbereitungsarbeiten f\u00fcr den PFC Umzug am Sonntag. Mit den Aufr\u00e4umungsarbeiten wollen wir am Montag, dem 28.2. um 16:30 Uhr beginnen. Auch dazu ist jede helfende Hand herzlich willkommen.<\/p>\n<p><strong>PFC Umzug am Sonntag 27.2.2011<\/strong><br \/>\nDer Verpflegungsstand des Heimat und Wandervereins steht  traditionsgem\u00e4\u00df, wieder gegen\u00fcber dem Rathaus in Poltringen. Dort bieten wir Schupfnudeln mit Kraut, hei\u00dfe Rote sowie Bier, Gl\u00fchwein, Kaffee und Sekt an. Wir bewirten ab 11:00 Uhr.<\/p>\n<p><strong>H\u00fcttenbewirtschaftung<\/strong><br \/>\nAm Sonntag, dem 27.2.2011 ist die Palmbergh\u00fctte nach dem PFC-Umzug ge\u00f6ffnet. Dort gibt es neben den \u00fcblichen Getr\u00e4nken, Kaffee und Kuchen. Auf die G\u00e4ste freuen sich Christl und Hans Roming und Willi Wagner.<\/p>\n<p><strong>Stricken in der Palmbergh\u00fctte<\/strong><br \/>\nAm Donnerstag 3.3.2011 ab 14:00 Uhr. G\u00e4ste sind herzlich willkommen.<\/p>\n","protected":false},"excerpt":{"rendered":"<p>Einladung zur Jahreshauptversammlung Am Freitag 11.3.2011 In der Palmbergh\u00fctte Poltringen Beginn: 20:00 Uhr Tagesordnung: 1. Begr\u00fc\u00dfung durch die 1. Vorsitzende und Bericht 2. Bericht der Kassiererin 3. Bericht der Kassenpr\u00fcferinnen 4. Bericht des Schriftf\u00fchrers 5. Bericht des H\u00fcttenwartes 6. Bericht der Kulturwartin 7. Bericht des Platzwartes 8. Bericht des Wanderwartes 9. Entlastungen 10. Ehrungen &#8211;Pause&#8211;Continue reading &rarr;<\/p>\n","protected":false},"author":1,"featured_media":0,"comment_status":"open","ping_status":"open","sticky":false,"template":"","format":"standard","meta":{"footnotes":""},"categories":[1],"tags":[],"class_list":["post-467","post","type-post","status-publish","format-standard","hentry","category-aktuelles","no-thumb"],"_links":{"self":[{"href":"https:\/\/www.hwv-ammerbuch.de\/index.php?rest_route=\/wp\/v2\/posts\/467","targetHints":{"allow":["GET"]}}],"collection":[{"href":"https:\/\/www.hwv-ammerbuch.de\/index.php?rest_route=\/wp\/v2\/posts"}],"about":[{"href":"https:\/\/www.hwv-ammerbuch.de\/index.php?rest_route=\/wp\/v2\/types\/post"}],"author":[{"embeddable":true,"href":"https:\/\/www.hwv-ammerbuch.de\/index.php?rest_route=\/wp\/v2\/users\/1"}],"replies":[{"embeddable":true,"href":"https:\/\/www.hwv-ammerbuch.de\/index.php?rest_route=%2Fwp%2Fv2%2Fcomments&post=467"}],"version-history":[{"count":0,"href":"https:\/\/www.hwv-ammerbuch.de\/index.php?rest_route=\/wp\/v2\/posts\/467\/revisions"}],"wp:attachment":[{"href":"https:\/\/www.hwv-ammerbuch.de\/index.php?rest_route=%2Fwp%2Fv2%2Fmedia&parent=467"}],"wp:term":[{"taxonomy":"category","embeddable":true,"href":"https:\/\/www.hwv-ammerbuch.de\/index.php?rest_route=%2Fwp%2Fv2%2Fcategories&post=467"},{"taxonomy":"post_tag","embeddable":true,"href":"https:\/\/www.hwv-ammerbuch.de\/index.php?rest_route=%2Fwp%2Fv2%2Ftags&post=467"}],"curies":[{"name":"wp","href":"https:\/\/api.w.org\/{rel}","templated":true}]}}