{"id":453,"date":"2011-02-03T00:12:08","date_gmt":"2011-02-02T22:12:08","guid":{"rendered":"http:\/\/hwvammerbuch.wordpress.com\/?p=453"},"modified":"2011-02-03T00:12:08","modified_gmt":"2011-02-02T22:12:08","slug":"vereinsnachrichten-woche-5","status":"publish","type":"post","link":"https:\/\/www.hwv-ammerbuch.de\/?p=453","title":{"rendered":"Vereinsnachrichten Woche 5"},"content":{"rendered":"<p><strong>Tageswanderung<\/strong><br \/>\nWir wollen unser Wanderjahr mit dem Ludwig Uhland Weg beginnen. Am Sonntag 6.Februar treffen wir uns um 10.00Uhr zum Abmarsch nach Wurmlingen beim Rathaus in Poltringen. Die Wanderung f\u00fchrt uns zum Fu\u00dfe der Wurmlinger Kapelle und dort auch zur ersten bzw. letzten Informationstafel des Uhlandweges. Hoch zur Kapelle und anschlie\u00dfend den Tafeln des Uhlandweges entlang Richtung T\u00fcbingen erreichen wir nach weiteren 2,5Std. den Bismarckturm. Weiter zum T\u00fcbinger Schloss und dann zur Einkehr evtl. in die Neckarm\u00fcllerei. Nach unserer Einkehr, fahren wir mit der Ammertalbahn vom HBF nach Pf\u00e4ffingen von wo wir uns auf den Heimweg machen.<br \/>\nF\u00fcr den Hunger zwischendurch sollte eine Kleinigkeit mitgenommen werden. Schuhwerk entsprechend dem Wetter. Die Wald-Wege sind geschottert aber dem Wetter entsprechend dreckig.<br \/>\nR\u00fcckkehr gegen 19.00Uhr Gastwanderer sind herzlich willkommen.<\/p>\n<p><strong>H\u00fcttenbetrieb<\/strong><br \/>\nAm Dienstag, dem 8.1.20101 ist die Palmbergh\u00fctte ab 15:00 Uhr ge\u00f6ffnet. Auf regen Besuch in guter Stimmung freut sich die H\u00fcttenwirtin Inge Sailer.<br \/>\nStricken in der Palmbergh\u00fctte<br \/>\nAm Donnerstag 10.1.2011 ab 14:00 Uhr. G\u00e4ste sind herzlich willkommen.<\/p>\n","protected":false},"excerpt":{"rendered":"<p>Tageswanderung Wir wollen unser Wanderjahr mit dem Ludwig Uhland Weg beginnen. Am Sonntag 6.Februar treffen wir uns um 10.00Uhr zum Abmarsch nach Wurmlingen beim Rathaus in Poltringen. Die Wanderung f\u00fchrt uns zum Fu\u00dfe der Wurmlinger Kapelle und dort auch zur ersten bzw. letzten Informationstafel des Uhlandweges. Hoch zur Kapelle und anschlie\u00dfend den Tafeln des UhlandwegesContinue reading &rarr;<\/p>\n","protected":false},"author":1,"featured_media":0,"comment_status":"open","ping_status":"open","sticky":false,"template":"","format":"standard","meta":{"footnotes":""},"categories":[1],"tags":[],"class_list":["post-453","post","type-post","status-publish","format-standard","hentry","category-aktuelles","no-thumb"],"_links":{"self":[{"href":"https:\/\/www.hwv-ammerbuch.de\/index.php?rest_route=\/wp\/v2\/posts\/453","targetHints":{"allow":["GET"]}}],"collection":[{"href":"https:\/\/www.hwv-ammerbuch.de\/index.php?rest_route=\/wp\/v2\/posts"}],"about":[{"href":"https:\/\/www.hwv-ammerbuch.de\/index.php?rest_route=\/wp\/v2\/types\/post"}],"author":[{"embeddable":true,"href":"https:\/\/www.hwv-ammerbuch.de\/index.php?rest_route=\/wp\/v2\/users\/1"}],"replies":[{"embeddable":true,"href":"https:\/\/www.hwv-ammerbuch.de\/index.php?rest_route=%2Fwp%2Fv2%2Fcomments&post=453"}],"version-history":[{"count":0,"href":"https:\/\/www.hwv-ammerbuch.de\/index.php?rest_route=\/wp\/v2\/posts\/453\/revisions"}],"wp:attachment":[{"href":"https:\/\/www.hwv-ammerbuch.de\/index.php?rest_route=%2Fwp%2Fv2%2Fmedia&parent=453"}],"wp:term":[{"taxonomy":"category","embeddable":true,"href":"https:\/\/www.hwv-ammerbuch.de\/index.php?rest_route=%2Fwp%2Fv2%2Fcategories&post=453"},{"taxonomy":"post_tag","embeddable":true,"href":"https:\/\/www.hwv-ammerbuch.de\/index.php?rest_route=%2Fwp%2Fv2%2Ftags&post=453"}],"curies":[{"name":"wp","href":"https:\/\/api.w.org\/{rel}","templated":true}]}}