{"id":434,"date":"2010-11-01T13:47:54","date_gmt":"2010-11-01T11:47:54","guid":{"rendered":"http:\/\/hwvammerbuch.wordpress.com\/?p=434"},"modified":"2010-11-01T13:47:54","modified_gmt":"2010-11-01T11:47:54","slug":"news-kw-44","status":"publish","type":"post","link":"https:\/\/www.hwv-ammerbuch.de\/?p=434","title":{"rendered":"News KW 44"},"content":{"rendered":"<p><strong>Arbeitseinsatz<\/strong><br \/>\nAm Samstag, dem 6.11.2010 wollen wir den Platz um die Palmbergh\u00fctte in Ordnung bringen. Die Hecken m\u00fcssen unbedingt geschnitten werden. Es ergeht hiermit die Bitte an alle Vereinsmitglieder diesen Arbeitseinsatz zu unterst\u00fctzen. Also gebt Euch einen Ruck und kommt am Samstag ab 9:00 Uhr zur Palmbergh\u00fctte.<br \/>\nBitte bringt auch, soweit m\u00f6glich \u201eGartenwerkzeug\u201c mit. Die Vorstandschaft hofft auf rege Teilnahme.<\/p>\n<p><strong>H\u00fcttenbetrieb<\/strong><br \/>\nAm Sonntag, dem 7.11.2010 ist die Palmbergh\u00fctte ab 14:00 Uhr ge\u00f6ffnet. Auf regen Besuch freuen sich die H\u00fcttenwirtsleute.<br \/>\nStricken in der Palmbergh\u00fctte<br \/>\nAm Donnerstag 11.11.2010 ab 14:00 Uhr. G\u00e4ste sind herzlich willkommen.<\/p>\n","protected":false},"excerpt":{"rendered":"<p>Arbeitseinsatz Am Samstag, dem 6.11.2010 wollen wir den Platz um die Palmbergh\u00fctte in Ordnung bringen. Die Hecken m\u00fcssen unbedingt geschnitten werden. Es ergeht hiermit die Bitte an alle Vereinsmitglieder diesen Arbeitseinsatz zu unterst\u00fctzen. Also gebt Euch einen Ruck und kommt am Samstag ab 9:00 Uhr zur Palmbergh\u00fctte. Bitte bringt auch, soweit m\u00f6glich \u201eGartenwerkzeug\u201c mit. DieContinue reading &rarr;<\/p>\n","protected":false},"author":1,"featured_media":0,"comment_status":"open","ping_status":"open","sticky":false,"template":"","format":"standard","meta":{"footnotes":""},"categories":[1],"tags":[],"class_list":["post-434","post","type-post","status-publish","format-standard","hentry","category-aktuelles","no-thumb"],"_links":{"self":[{"href":"https:\/\/www.hwv-ammerbuch.de\/index.php?rest_route=\/wp\/v2\/posts\/434","targetHints":{"allow":["GET"]}}],"collection":[{"href":"https:\/\/www.hwv-ammerbuch.de\/index.php?rest_route=\/wp\/v2\/posts"}],"about":[{"href":"https:\/\/www.hwv-ammerbuch.de\/index.php?rest_route=\/wp\/v2\/types\/post"}],"author":[{"embeddable":true,"href":"https:\/\/www.hwv-ammerbuch.de\/index.php?rest_route=\/wp\/v2\/users\/1"}],"replies":[{"embeddable":true,"href":"https:\/\/www.hwv-ammerbuch.de\/index.php?rest_route=%2Fwp%2Fv2%2Fcomments&post=434"}],"version-history":[{"count":0,"href":"https:\/\/www.hwv-ammerbuch.de\/index.php?rest_route=\/wp\/v2\/posts\/434\/revisions"}],"wp:attachment":[{"href":"https:\/\/www.hwv-ammerbuch.de\/index.php?rest_route=%2Fwp%2Fv2%2Fmedia&parent=434"}],"wp:term":[{"taxonomy":"category","embeddable":true,"href":"https:\/\/www.hwv-ammerbuch.de\/index.php?rest_route=%2Fwp%2Fv2%2Fcategories&post=434"},{"taxonomy":"post_tag","embeddable":true,"href":"https:\/\/www.hwv-ammerbuch.de\/index.php?rest_route=%2Fwp%2Fv2%2Ftags&post=434"}],"curies":[{"name":"wp","href":"https:\/\/api.w.org\/{rel}","templated":true}]}}