{"id":432,"date":"2010-10-26T13:44:53","date_gmt":"2010-10-26T11:44:53","guid":{"rendered":"http:\/\/hwvammerbuch.wordpress.com\/?p=432"},"modified":"2010-10-26T13:44:53","modified_gmt":"2010-10-26T11:44:53","slug":"huttenbetrieb-3","status":"publish","type":"post","link":"https:\/\/www.hwv-ammerbuch.de\/?p=432","title":{"rendered":"H\u00fcttenbetrieb"},"content":{"rendered":"<p>Am Dienstag, dem 2.11.2010 ist die Palmbergh\u00fctte ab 15:00 Uhr ge\u00f6ffnet. Auf regen Besuch in guter Stimmung freut sich die H\u00fcttenwirtin Inge Sailer.<\/p>\n<p><strong>Stricken in der Palmbergh\u00fctte<\/strong><br \/>\nAm Donnerstag 11.11.2010 ab 14:00 Uhr. G\u00e4ste sind herzlich willkommen.<br \/>\n<strong><br \/>\nVorschau November<\/strong><br \/>\nAm Samstag 6.11.2010 und am Samstag 20.11.2010 Arbeitseins\u00e4tze rund um die H\u00fctte.<\/p>\n","protected":false},"excerpt":{"rendered":"<p>Am Dienstag, dem 2.11.2010 ist die Palmbergh\u00fctte ab 15:00 Uhr ge\u00f6ffnet. Auf regen Besuch in guter Stimmung freut sich die H\u00fcttenwirtin Inge Sailer. Stricken in der Palmbergh\u00fctte Am Donnerstag 11.11.2010 ab 14:00 Uhr. G\u00e4ste sind herzlich willkommen. Vorschau November Am Samstag 6.11.2010 und am Samstag 20.11.2010 Arbeitseins\u00e4tze rund um die H\u00fctte.<\/p>\n","protected":false},"author":1,"featured_media":0,"comment_status":"open","ping_status":"open","sticky":false,"template":"","format":"standard","meta":{"footnotes":""},"categories":[1],"tags":[],"class_list":["post-432","post","type-post","status-publish","format-standard","hentry","category-aktuelles","no-thumb"],"_links":{"self":[{"href":"https:\/\/www.hwv-ammerbuch.de\/index.php?rest_route=\/wp\/v2\/posts\/432","targetHints":{"allow":["GET"]}}],"collection":[{"href":"https:\/\/www.hwv-ammerbuch.de\/index.php?rest_route=\/wp\/v2\/posts"}],"about":[{"href":"https:\/\/www.hwv-ammerbuch.de\/index.php?rest_route=\/wp\/v2\/types\/post"}],"author":[{"embeddable":true,"href":"https:\/\/www.hwv-ammerbuch.de\/index.php?rest_route=\/wp\/v2\/users\/1"}],"replies":[{"embeddable":true,"href":"https:\/\/www.hwv-ammerbuch.de\/index.php?rest_route=%2Fwp%2Fv2%2Fcomments&post=432"}],"version-history":[{"count":0,"href":"https:\/\/www.hwv-ammerbuch.de\/index.php?rest_route=\/wp\/v2\/posts\/432\/revisions"}],"wp:attachment":[{"href":"https:\/\/www.hwv-ammerbuch.de\/index.php?rest_route=%2Fwp%2Fv2%2Fmedia&parent=432"}],"wp:term":[{"taxonomy":"category","embeddable":true,"href":"https:\/\/www.hwv-ammerbuch.de\/index.php?rest_route=%2Fwp%2Fv2%2Fcategories&post=432"},{"taxonomy":"post_tag","embeddable":true,"href":"https:\/\/www.hwv-ammerbuch.de\/index.php?rest_route=%2Fwp%2Fv2%2Ftags&post=432"}],"curies":[{"name":"wp","href":"https:\/\/api.w.org\/{rel}","templated":true}]}}