{"id":403,"date":"2010-07-06T13:22:21","date_gmt":"2010-07-06T11:22:21","guid":{"rendered":"http:\/\/hwvammerbuch.wordpress.de\/2010\/07\/06\/palmberghutte-geoffnet-6\/"},"modified":"2010-07-06T13:22:21","modified_gmt":"2010-07-06T11:22:21","slug":"palmberghutte-geoffnet-6","status":"publish","type":"post","link":"https:\/\/www.hwv-ammerbuch.de\/?p=403","title":{"rendered":"Palmbergh\u00fctte ge\u00f6ffnet"},"content":{"rendered":"<p><strong>Sonntag, 11.7.2010, ab 14 Uhr<\/strong><br \/>\nAuf regen Besuch freuen sich die H\u00fcttenwirtinnen Anneliese Schoensee und Gabi Schmid.<br \/>\n<strong><br \/>\nDienstag, 13.7.2010, ab 15 Uhr<\/strong><br \/>\nAuf regen Besuch in guter Stimmung freut sich die H\u00fcttenwirtin Inge Sailer.<\/p>\n<p><strong>Donnerstag 15.7.2010,  ab 14 Uhr<\/strong><br \/>\nStricken in der Palmbergh\u00fctte. G\u00e4ste sind herzlich willkommen.<\/p>\n","protected":false},"excerpt":{"rendered":"<p>Sonntag, 11.7.2010, ab 14 Uhr Auf regen Besuch freuen sich die H\u00fcttenwirtinnen Anneliese Schoensee und Gabi Schmid. Dienstag, 13.7.2010, ab 15 Uhr Auf regen Besuch in guter Stimmung freut sich die H\u00fcttenwirtin Inge Sailer. Donnerstag 15.7.2010, ab 14 Uhr Stricken in der Palmbergh\u00fctte. G\u00e4ste sind herzlich willkommen.<\/p>\n","protected":false},"author":1,"featured_media":0,"comment_status":"open","ping_status":"open","sticky":false,"template":"","format":"standard","meta":{"footnotes":""},"categories":[1],"tags":[],"class_list":["post-403","post","type-post","status-publish","format-standard","hentry","category-aktuelles","no-thumb"],"_links":{"self":[{"href":"https:\/\/www.hwv-ammerbuch.de\/index.php?rest_route=\/wp\/v2\/posts\/403","targetHints":{"allow":["GET"]}}],"collection":[{"href":"https:\/\/www.hwv-ammerbuch.de\/index.php?rest_route=\/wp\/v2\/posts"}],"about":[{"href":"https:\/\/www.hwv-ammerbuch.de\/index.php?rest_route=\/wp\/v2\/types\/post"}],"author":[{"embeddable":true,"href":"https:\/\/www.hwv-ammerbuch.de\/index.php?rest_route=\/wp\/v2\/users\/1"}],"replies":[{"embeddable":true,"href":"https:\/\/www.hwv-ammerbuch.de\/index.php?rest_route=%2Fwp%2Fv2%2Fcomments&post=403"}],"version-history":[{"count":0,"href":"https:\/\/www.hwv-ammerbuch.de\/index.php?rest_route=\/wp\/v2\/posts\/403\/revisions"}],"wp:attachment":[{"href":"https:\/\/www.hwv-ammerbuch.de\/index.php?rest_route=%2Fwp%2Fv2%2Fmedia&parent=403"}],"wp:term":[{"taxonomy":"category","embeddable":true,"href":"https:\/\/www.hwv-ammerbuch.de\/index.php?rest_route=%2Fwp%2Fv2%2Fcategories&post=403"},{"taxonomy":"post_tag","embeddable":true,"href":"https:\/\/www.hwv-ammerbuch.de\/index.php?rest_route=%2Fwp%2Fv2%2Ftags&post=403"}],"curies":[{"name":"wp","href":"https:\/\/api.w.org\/{rel}","templated":true}]}}