{"id":353,"date":"2010-05-18T15:04:26","date_gmt":"2010-05-18T13:04:26","guid":{"rendered":"http:\/\/hwvammerbuch.wordpress.com\/?p=353"},"modified":"2010-05-18T15:04:26","modified_gmt":"2010-05-18T13:04:26","slug":"maibaumaufstellung","status":"publish","type":"post","link":"https:\/\/www.hwv-ammerbuch.de\/?p=353","title":{"rendered":"Maibaumaufstellung"},"content":{"rendered":"<p>Mit der Beteiligung der jungen Mitb\u00fcrgerinnen und Mitb\u00fcrger der Geburtsjahrg\u00e4nge 1992 und 1993 haben wir die Zeremonie der Aufstellung des Maibaumes beim H\u00fclenplatz durchgef\u00fchrt. Sven Schaible erkl\u00e4rte die Bedeutung der Handwerkerzeichen und hatte auch ein historisches Fr\u00fchlingsgedicht vorgetragen. Als Alternative gab Matth\u00e4us Sailer ein modernes Gedicht zum Besten. Ein herzliches Dankesch\u00f6n ergeht hiermit an alle Helferinnen und Helfern die zum Gelingen des Ganzen beigetragen haben. Angefangen beim Abholen des Baumes im Hardtwald mit den Mitarbeitern des Bauhofes, das R\u00e4ppeln des Baumes und der ganze Aufbau mit den Handwerkerzeichen, des Kranzes und dem Ankn\u00fcpfen der B\u00e4nder war ein nicht zu verachtender Zeitaufwand f\u00fcr alle die mithalfen. Ebenso die Beitr\u00e4ge der Mitglieder hinter der Theke und am Wurstgrill, beim anschlie\u00dfenden gem\u00fctlichen Teil auf dem Palmberg, sollen hier einmal dankend erw\u00e4hnt werden.<\/p>\n<p><a href=\"http:\/\/hwvammerbuch.files.wordpress.com\/2010\/05\/mixschnitt.jpg\"><img loading=\"lazy\" decoding=\"async\" src=\"http:\/\/hwvammerbuch.files.wordpress.com\/2010\/05\/mixschnitt.jpg\" alt=\"\" title=\"mixschnitt\" width=\"450\" height=\"1542\" class=\"alignnone size-full wp-image-354\" \/><\/a><\/p>\n","protected":false},"excerpt":{"rendered":"<p>Mit der Beteiligung der jungen Mitb\u00fcrgerinnen und Mitb\u00fcrger der Geburtsjahrg\u00e4nge 1992 und 1993 haben wir die Zeremonie der Aufstellung des Maibaumes beim H\u00fclenplatz durchgef\u00fchrt. Sven Schaible erkl\u00e4rte die Bedeutung der Handwerkerzeichen und hatte auch ein historisches Fr\u00fchlingsgedicht vorgetragen. Als Alternative gab Matth\u00e4us Sailer ein modernes Gedicht zum Besten. Ein herzliches Dankesch\u00f6n ergeht hiermit an alleContinue reading &rarr;<\/p>\n","protected":false},"author":1,"featured_media":0,"comment_status":"open","ping_status":"open","sticky":false,"template":"","format":"standard","meta":{"footnotes":""},"categories":[1],"tags":[],"class_list":["post-353","post","type-post","status-publish","format-standard","hentry","category-aktuelles","no-thumb"],"_links":{"self":[{"href":"https:\/\/www.hwv-ammerbuch.de\/index.php?rest_route=\/wp\/v2\/posts\/353","targetHints":{"allow":["GET"]}}],"collection":[{"href":"https:\/\/www.hwv-ammerbuch.de\/index.php?rest_route=\/wp\/v2\/posts"}],"about":[{"href":"https:\/\/www.hwv-ammerbuch.de\/index.php?rest_route=\/wp\/v2\/types\/post"}],"author":[{"embeddable":true,"href":"https:\/\/www.hwv-ammerbuch.de\/index.php?rest_route=\/wp\/v2\/users\/1"}],"replies":[{"embeddable":true,"href":"https:\/\/www.hwv-ammerbuch.de\/index.php?rest_route=%2Fwp%2Fv2%2Fcomments&post=353"}],"version-history":[{"count":0,"href":"https:\/\/www.hwv-ammerbuch.de\/index.php?rest_route=\/wp\/v2\/posts\/353\/revisions"}],"wp:attachment":[{"href":"https:\/\/www.hwv-ammerbuch.de\/index.php?rest_route=%2Fwp%2Fv2%2Fmedia&parent=353"}],"wp:term":[{"taxonomy":"category","embeddable":true,"href":"https:\/\/www.hwv-ammerbuch.de\/index.php?rest_route=%2Fwp%2Fv2%2Fcategories&post=353"},{"taxonomy":"post_tag","embeddable":true,"href":"https:\/\/www.hwv-ammerbuch.de\/index.php?rest_route=%2Fwp%2Fv2%2Ftags&post=353"}],"curies":[{"name":"wp","href":"https:\/\/api.w.org\/{rel}","templated":true}]}}