{"id":351,"date":"2010-05-12T19:04:03","date_gmt":"2010-05-12T17:04:03","guid":{"rendered":"http:\/\/hwvammerbuch.wordpress.de\/2010\/05\/12\/palmberghutte-geoffnet\/"},"modified":"2010-05-12T19:04:03","modified_gmt":"2010-05-12T17:04:03","slug":"palmberghutte-geoffnet","status":"publish","type":"post","link":"https:\/\/www.hwv-ammerbuch.de\/?p=351","title":{"rendered":"Palmbergh\u00fctte ge\u00f6ffnet"},"content":{"rendered":"<p>Am Sonntag, 16.5.2010 ist die Palmbergh\u00fctte ab 14:00 Uhr ge\u00f6ffnet. Auf regen Besuch freut sich die H\u00fcttenwirtin Renate Baur.<\/p>\n<p>Am Dienstag, 18.5.2010 ist die Palmbergh\u00fctte ab 15:00 Uhr ge\u00f6ffnet. Auf regen Besuch in guter Stimmung freut sich die H\u00fcttenwirtin Inge Sailer.<\/p>\n<p>Achtung! Stricken in der Palmbergh\u00fctte muss am Donnerstag 20.05.2010 leider ausfallen.<\/p>\n","protected":false},"excerpt":{"rendered":"<p>Am Sonntag, 16.5.2010 ist die Palmbergh\u00fctte ab 14:00 Uhr ge\u00f6ffnet. Auf regen Besuch freut sich die H\u00fcttenwirtin Renate Baur. Am Dienstag, 18.5.2010 ist die Palmbergh\u00fctte ab 15:00 Uhr ge\u00f6ffnet. Auf regen Besuch in guter Stimmung freut sich die H\u00fcttenwirtin Inge Sailer. Achtung! Stricken in der Palmbergh\u00fctte muss am Donnerstag 20.05.2010 leider ausfallen.<\/p>\n","protected":false},"author":1,"featured_media":0,"comment_status":"open","ping_status":"open","sticky":false,"template":"","format":"standard","meta":{"footnotes":""},"categories":[1],"tags":[],"class_list":["post-351","post","type-post","status-publish","format-standard","hentry","category-aktuelles","no-thumb"],"_links":{"self":[{"href":"https:\/\/www.hwv-ammerbuch.de\/index.php?rest_route=\/wp\/v2\/posts\/351","targetHints":{"allow":["GET"]}}],"collection":[{"href":"https:\/\/www.hwv-ammerbuch.de\/index.php?rest_route=\/wp\/v2\/posts"}],"about":[{"href":"https:\/\/www.hwv-ammerbuch.de\/index.php?rest_route=\/wp\/v2\/types\/post"}],"author":[{"embeddable":true,"href":"https:\/\/www.hwv-ammerbuch.de\/index.php?rest_route=\/wp\/v2\/users\/1"}],"replies":[{"embeddable":true,"href":"https:\/\/www.hwv-ammerbuch.de\/index.php?rest_route=%2Fwp%2Fv2%2Fcomments&post=351"}],"version-history":[{"count":0,"href":"https:\/\/www.hwv-ammerbuch.de\/index.php?rest_route=\/wp\/v2\/posts\/351\/revisions"}],"wp:attachment":[{"href":"https:\/\/www.hwv-ammerbuch.de\/index.php?rest_route=%2Fwp%2Fv2%2Fmedia&parent=351"}],"wp:term":[{"taxonomy":"category","embeddable":true,"href":"https:\/\/www.hwv-ammerbuch.de\/index.php?rest_route=%2Fwp%2Fv2%2Fcategories&post=351"},{"taxonomy":"post_tag","embeddable":true,"href":"https:\/\/www.hwv-ammerbuch.de\/index.php?rest_route=%2Fwp%2Fv2%2Ftags&post=351"}],"curies":[{"name":"wp","href":"https:\/\/api.w.org\/{rel}","templated":true}]}}