{"id":3446,"date":"2026-02-25T19:55:45","date_gmt":"2026-02-25T19:55:45","guid":{"rendered":"https:\/\/www.hwv-ammerbuch.de\/?p=3446"},"modified":"2026-03-13T19:57:57","modified_gmt":"2026-03-13T19:57:57","slug":"3446","status":"publish","type":"post","link":"https:\/\/www.hwv-ammerbuch.de\/?p=3446","title":{"rendered":""},"content":{"rendered":"\n<p class=\"has-medium-font-size\">Einladung zur Jahreshauptversammlung<br>am Freitag, 06.03.2026, in der Palmbergh\u00fctte Poltringen<br>Beginn: 19:00 Uhr<\/p>\n\n\n\n<p>Tagesordnung:<\/p>\n\n\n\n<ol class=\"wp-block-list\">\n<li>Begr\u00fc\u00dfung durch die 1. Vorsitzende und Bericht<\/li>\n\n\n\n<li>Bericht der Kassiererin<\/li>\n\n\n\n<li>Bericht der Kassenpr\u00fcfer\/-innen<\/li>\n\n\n\n<li>Bericht der Schriftf\u00fchrerin<\/li>\n\n\n\n<li>Bericht der Jugendleiterin<\/li>\n\n\n\n<li>Bericht der H\u00fcttenwartin<\/li>\n\n\n\n<li>Bericht der Kulturwartin<\/li>\n\n\n\n<li>Bericht des Wanderwartes<\/li>\n\n\n\n<li>Bericht der Platzwartin<\/li>\n\n\n\n<li>Entlastungen<\/li>\n\n\n\n<li>Ehrungen<\/li>\n<\/ol>\n\n\n\n<ul class=\"wp-block-list\">\n<li>Pause &#8211;<\/li>\n<\/ul>\n\n\n\n<ul class=\"wp-block-list\">\n<li>12. Neuwahlen<\/li>\n\n\n\n<li>13. Antr\u00e4ge\/Verschiedenes<\/li>\n<\/ul>\n\n\n\n<p>Antr\u00e4ge zur Tagesordnung sind bis sp\u00e4testens 27.02.2026 an die 1. Vorsitzende Margot Sailer zu richten.<\/p>\n","protected":false},"excerpt":{"rendered":"<p>Einladung zur Jahreshauptversammlungam Freitag, 06.03.2026, in der Palmbergh\u00fctte PoltringenBeginn: 19:00 Uhr Tagesordnung: Antr\u00e4ge zur Tagesordnung sind bis sp\u00e4testens 27.02.2026 an die 1. Vorsitzende Margot Sailer zu richten.<\/p>\n","protected":false},"author":1,"featured_media":0,"comment_status":"closed","ping_status":"closed","sticky":false,"template":"","format":"standard","meta":{"footnotes":""},"categories":[1],"tags":[],"class_list":["post-3446","post","type-post","status-publish","format-standard","hentry","category-aktuelles","no-thumb"],"_links":{"self":[{"href":"https:\/\/www.hwv-ammerbuch.de\/index.php?rest_route=\/wp\/v2\/posts\/3446","targetHints":{"allow":["GET"]}}],"collection":[{"href":"https:\/\/www.hwv-ammerbuch.de\/index.php?rest_route=\/wp\/v2\/posts"}],"about":[{"href":"https:\/\/www.hwv-ammerbuch.de\/index.php?rest_route=\/wp\/v2\/types\/post"}],"author":[{"embeddable":true,"href":"https:\/\/www.hwv-ammerbuch.de\/index.php?rest_route=\/wp\/v2\/users\/1"}],"replies":[{"embeddable":true,"href":"https:\/\/www.hwv-ammerbuch.de\/index.php?rest_route=%2Fwp%2Fv2%2Fcomments&post=3446"}],"version-history":[{"count":1,"href":"https:\/\/www.hwv-ammerbuch.de\/index.php?rest_route=\/wp\/v2\/posts\/3446\/revisions"}],"predecessor-version":[{"id":3447,"href":"https:\/\/www.hwv-ammerbuch.de\/index.php?rest_route=\/wp\/v2\/posts\/3446\/revisions\/3447"}],"wp:attachment":[{"href":"https:\/\/www.hwv-ammerbuch.de\/index.php?rest_route=%2Fwp%2Fv2%2Fmedia&parent=3446"}],"wp:term":[{"taxonomy":"category","embeddable":true,"href":"https:\/\/www.hwv-ammerbuch.de\/index.php?rest_route=%2Fwp%2Fv2%2Fcategories&post=3446"},{"taxonomy":"post_tag","embeddable":true,"href":"https:\/\/www.hwv-ammerbuch.de\/index.php?rest_route=%2Fwp%2Fv2%2Ftags&post=3446"}],"curies":[{"name":"wp","href":"https:\/\/api.w.org\/{rel}","templated":true}]}}