{"id":3435,"date":"2025-12-01T22:52:14","date_gmt":"2025-12-01T22:52:14","guid":{"rendered":"https:\/\/www.hwv-ammerbuch.de\/?p=3435"},"modified":"2025-12-13T22:52:52","modified_gmt":"2025-12-13T22:52:52","slug":"3435","status":"publish","type":"post","link":"https:\/\/www.hwv-ammerbuch.de\/?p=3435","title":{"rendered":""},"content":{"rendered":"\n<p class=\"has-medium-font-size\">Nachtwanderung am 05.12.2025<\/p>\n\n\n\n<p>Ziel unserer diesj\u00e4hrigen \u201eNachtwanderung\u201c am Freitag, den 05.12.2025 ist auf mehrfachen Wunsch der \u201eEsslinger Mittelaltermarkt und Weihnachtsmarkt\u201c. Wir treffen uns um 16.00 Uhr auf dem Parkplatz am Sportheim und fahren in Fahrgemeinschaften nach Herrenberg zur S-Bahn, die uns um 16.48 Uhr mit nach Esslingen nimmt. Nach etwa 1 Stunde Fahrzeit erreichen wir Esslingen und treffen nach weiteren 10 Minuten Fu\u00dfweg auf dem Marktgel\u00e4nde im Zentrum Esslingens ein. Der Markt schlie\u00dft um 21.30 Uhr. Ob wir unseren kulinarischen W\u00fcnschen bereits auf dem Weihnachtsmarkt erliegen oder zu sp\u00e4terer Stunde noch gemeinsam einkehren und wann wir letztendlich den R\u00fcckweg antreten wollen, k\u00f6nnen wir auf der Hinfahrt noch entscheiden. Gastwanderer sind herzlich eingeladen. \u00a0<br>Der Wanderf\u00fchrer Egon Bischofberger<\/p>\n","protected":false},"excerpt":{"rendered":"<p>Nachtwanderung am 05.12.2025 Ziel unserer diesj\u00e4hrigen \u201eNachtwanderung\u201c am Freitag, den 05.12.2025 ist auf mehrfachen Wunsch der \u201eEsslinger Mittelaltermarkt und Weihnachtsmarkt\u201c. Wir treffen uns um 16.00 Uhr auf dem Parkplatz am Sportheim und fahren in Fahrgemeinschaften nach Herrenberg zur S-Bahn, die uns um 16.48 Uhr mit nach Esslingen nimmt. Nach etwa 1 Stunde Fahrzeit erreichen wirContinue reading &rarr;<\/p>\n","protected":false},"author":1,"featured_media":0,"comment_status":"closed","ping_status":"closed","sticky":false,"template":"","format":"standard","meta":{"footnotes":""},"categories":[1],"tags":[],"class_list":["post-3435","post","type-post","status-publish","format-standard","hentry","category-aktuelles","no-thumb"],"_links":{"self":[{"href":"https:\/\/www.hwv-ammerbuch.de\/index.php?rest_route=\/wp\/v2\/posts\/3435","targetHints":{"allow":["GET"]}}],"collection":[{"href":"https:\/\/www.hwv-ammerbuch.de\/index.php?rest_route=\/wp\/v2\/posts"}],"about":[{"href":"https:\/\/www.hwv-ammerbuch.de\/index.php?rest_route=\/wp\/v2\/types\/post"}],"author":[{"embeddable":true,"href":"https:\/\/www.hwv-ammerbuch.de\/index.php?rest_route=\/wp\/v2\/users\/1"}],"replies":[{"embeddable":true,"href":"https:\/\/www.hwv-ammerbuch.de\/index.php?rest_route=%2Fwp%2Fv2%2Fcomments&post=3435"}],"version-history":[{"count":1,"href":"https:\/\/www.hwv-ammerbuch.de\/index.php?rest_route=\/wp\/v2\/posts\/3435\/revisions"}],"predecessor-version":[{"id":3436,"href":"https:\/\/www.hwv-ammerbuch.de\/index.php?rest_route=\/wp\/v2\/posts\/3435\/revisions\/3436"}],"wp:attachment":[{"href":"https:\/\/www.hwv-ammerbuch.de\/index.php?rest_route=%2Fwp%2Fv2%2Fmedia&parent=3435"}],"wp:term":[{"taxonomy":"category","embeddable":true,"href":"https:\/\/www.hwv-ammerbuch.de\/index.php?rest_route=%2Fwp%2Fv2%2Fcategories&post=3435"},{"taxonomy":"post_tag","embeddable":true,"href":"https:\/\/www.hwv-ammerbuch.de\/index.php?rest_route=%2Fwp%2Fv2%2Ftags&post=3435"}],"curies":[{"name":"wp","href":"https:\/\/api.w.org\/{rel}","templated":true}]}}