{"id":3369,"date":"2025-02-27T20:20:41","date_gmt":"2025-02-27T20:20:41","guid":{"rendered":"https:\/\/www.hwv-ammerbuch.de\/?p=3369"},"modified":"2025-03-03T20:21:05","modified_gmt":"2025-03-03T20:21:05","slug":"3369","status":"publish","type":"post","link":"https:\/\/www.hwv-ammerbuch.de\/?p=3369","title":{"rendered":""},"content":{"rendered":"\n<p class=\"has-medium-font-size\">Vorschau M\u00e4rz<\/p>\n\n\n\n<p>07.03.2025 Jahreshauptversammlung<br>21.03.2025 Spieleabend<br>22.03.2025 Wanderung Wildgehege<\/p>\n\n\n\n<div style=\"height:30px\" aria-hidden=\"true\" class=\"wp-block-spacer\"><\/div>\n\n\n\n<p class=\"has-medium-font-size\">Einladung zur Jahreshauptversammlung<\/p>\n\n\n\n<p>am Freitag, 07.03.2025, in der Palmbergh\u00fctte Poltringen<br>Beginn: 19:00 Uhr<br>Tagesordnung:<\/p>\n\n\n\n<p>1. Begr\u00fc\u00dfung durch die 1. Vorsitzende und Bericht<br>2. Bericht der Kassiererin <br>3. Bericht der Kassenpr\u00fcfer\/-innen<br>4. Bericht der Schriftf\u00fchrerin<br>5. Bericht der Jugendleiterin<br>6. Bericht der H\u00fcttenwartin<br>7. Bericht der Kulturwartin<br>8. Bericht des Wanderwartes<br>9. Bericht der Platzwartin<br>10. Entlastungen<br>11. Ehrungen<\/p>\n\n\n\n<p>&#8211; Pause &#8211;<\/p>\n\n\n\n<p>12. Neuwahlen<br>13. Antr\u00e4ge\/Verschiedenes<br>14. Vortrag Ron Pichler: Die Geschichte der Post in Ammerbuch<\/p>\n\n\n\n<p>Antr\u00e4ge zur Tagesordnung sind bis sp\u00e4testens 28.02.2025 an die 1. Vorsitzende Margot Sailer zu richten.<\/p>\n\n\n\n<ol class=\"wp-block-list\"><\/ol>\n","protected":false},"excerpt":{"rendered":"<p>Vorschau M\u00e4rz 07.03.2025 Jahreshauptversammlung21.03.2025 Spieleabend22.03.2025 Wanderung Wildgehege Einladung zur Jahreshauptversammlung am Freitag, 07.03.2025, in der Palmbergh\u00fctte PoltringenBeginn: 19:00 UhrTagesordnung: 1. Begr\u00fc\u00dfung durch die 1. Vorsitzende und Bericht2. Bericht der Kassiererin 3. Bericht der Kassenpr\u00fcfer\/-innen4. Bericht der Schriftf\u00fchrerin5. Bericht der Jugendleiterin6. Bericht der H\u00fcttenwartin7. Bericht der Kulturwartin8. Bericht des Wanderwartes9. Bericht der Platzwartin10. Entlastungen11. Ehrungen &#8211;Continue reading &rarr;<\/p>\n","protected":false},"author":1,"featured_media":0,"comment_status":"closed","ping_status":"closed","sticky":false,"template":"","format":"standard","meta":{"footnotes":""},"categories":[1],"tags":[],"class_list":["post-3369","post","type-post","status-publish","format-standard","hentry","category-aktuelles","no-thumb"],"_links":{"self":[{"href":"https:\/\/www.hwv-ammerbuch.de\/index.php?rest_route=\/wp\/v2\/posts\/3369","targetHints":{"allow":["GET"]}}],"collection":[{"href":"https:\/\/www.hwv-ammerbuch.de\/index.php?rest_route=\/wp\/v2\/posts"}],"about":[{"href":"https:\/\/www.hwv-ammerbuch.de\/index.php?rest_route=\/wp\/v2\/types\/post"}],"author":[{"embeddable":true,"href":"https:\/\/www.hwv-ammerbuch.de\/index.php?rest_route=\/wp\/v2\/users\/1"}],"replies":[{"embeddable":true,"href":"https:\/\/www.hwv-ammerbuch.de\/index.php?rest_route=%2Fwp%2Fv2%2Fcomments&post=3369"}],"version-history":[{"count":1,"href":"https:\/\/www.hwv-ammerbuch.de\/index.php?rest_route=\/wp\/v2\/posts\/3369\/revisions"}],"predecessor-version":[{"id":3370,"href":"https:\/\/www.hwv-ammerbuch.de\/index.php?rest_route=\/wp\/v2\/posts\/3369\/revisions\/3370"}],"wp:attachment":[{"href":"https:\/\/www.hwv-ammerbuch.de\/index.php?rest_route=%2Fwp%2Fv2%2Fmedia&parent=3369"}],"wp:term":[{"taxonomy":"category","embeddable":true,"href":"https:\/\/www.hwv-ammerbuch.de\/index.php?rest_route=%2Fwp%2Fv2%2Fcategories&post=3369"},{"taxonomy":"post_tag","embeddable":true,"href":"https:\/\/www.hwv-ammerbuch.de\/index.php?rest_route=%2Fwp%2Fv2%2Ftags&post=3369"}],"curies":[{"name":"wp","href":"https:\/\/api.w.org\/{rel}","templated":true}]}}