{"id":3359,"date":"2024-11-28T20:40:07","date_gmt":"2024-11-28T20:40:07","guid":{"rendered":"https:\/\/www.hwv-ammerbuch.de\/?p=3359"},"modified":"2024-12-27T20:41:54","modified_gmt":"2024-12-27T20:41:54","slug":"3359","status":"publish","type":"post","link":"https:\/\/www.hwv-ammerbuch.de\/?p=3359","title":{"rendered":""},"content":{"rendered":"\n<figure class=\"wp-block-image size-large\"><img loading=\"lazy\" decoding=\"async\" width=\"1024\" height=\"684\" src=\"https:\/\/www.hwv-ammerbuch.de\/wp-content\/uploads\/2024\/12\/HWV-AG-Postkarte-Vorderseite-1024x684.jpg\" alt=\"\" class=\"wp-image-3360\" srcset=\"https:\/\/www.hwv-ammerbuch.de\/wp-content\/uploads\/2024\/12\/HWV-AG-Postkarte-Vorderseite-1024x684.jpg 1024w, https:\/\/www.hwv-ammerbuch.de\/wp-content\/uploads\/2024\/12\/HWV-AG-Postkarte-Vorderseite-300x200.jpg 300w, https:\/\/www.hwv-ammerbuch.de\/wp-content\/uploads\/2024\/12\/HWV-AG-Postkarte-Vorderseite-768x513.jpg 768w, https:\/\/www.hwv-ammerbuch.de\/wp-content\/uploads\/2024\/12\/HWV-AG-Postkarte-Vorderseite-1536x1026.jpg 1536w, https:\/\/www.hwv-ammerbuch.de\/wp-content\/uploads\/2024\/12\/HWV-AG-Postkarte-Vorderseite-2048x1368.jpg 2048w\" sizes=\"auto, (max-width: 1024px) 100vw, 1024px\" \/><\/figure>\n\n\n\n<p class=\"has-medium-font-size\">Postgeschichtliche Forschung f\u00fcr Ammerbuch: Aktueller Stand nach erfolgreicher R\u00fcckmeldung<\/p>\n\n\n\n<p>Dank einiger R\u00fcckmeldungen aus der Ammerbucher B\u00fcrgerschaft konnte die postgeschichtliche Forschung f\u00fcr Ammerbuch weiter vorangetrieben werden. So haben sich f\u00fcr einige Ortsteile neue Erkenntnisse, wie auch interessante Einsichten auf Basis von \u00fcber 100 Jahren alten Postkarten ergeben. Vielen Dank f\u00fcr die R\u00fcckmeldungen! Auch das Kreisarchiv unterst\u00fctzt hier.<\/p>\n\n\n\n<p>Im Artikelbild springen wir in das Entringen vor \u00fcber 100 Jahren. Dank abgeschlagenem Entringer Poststempel vom 13. April 1911 l\u00e4sst sich diese Postkarte genau datieren und gibt einen sch\u00f6nen Einblick in das Dorfleben. Zwei Knaben neben der Fahnenstange, im Hintergrund der Rathausbrunnen, wo an diesem Tag augenscheinlich Waschtag war (heute weiter nach rechts versetzt) sowie das Rathaus, in Verl\u00e4ngerung die Kirchstra\u00dfe. Dank solcher postgeschichtlichen St\u00fccke l\u00e4sst sich auch eindrucksvoll die Entwicklung eines Dorfes, hier exemplarisch Entringen, nachvollziehen.<\/p>\n\n\n\n<p>Haben Sie noch weitere St\u00fccke (Briefumschl\u00e4ge oder Postkarten) aus Ammerbuch, die diese Forschungsarbeit unterst\u00fctzen? \u00dcber eine R\u00fcckmeldung hierzu w\u00fcrden wir uns unter folgenden Kontaktdaten freuen:<br>Ron Pichler, ron.pichler \u00e4t live punkt de, 07032-8931090<br>oder heimatgeschichte \u00e4t hwv-ammerbuch punkt de<\/p>\n","protected":false},"excerpt":{"rendered":"<p>Postgeschichtliche Forschung f\u00fcr Ammerbuch: Aktueller Stand nach erfolgreicher R\u00fcckmeldung Dank einiger R\u00fcckmeldungen aus der Ammerbucher B\u00fcrgerschaft konnte die postgeschichtliche Forschung f\u00fcr Ammerbuch weiter vorangetrieben werden. So haben sich f\u00fcr einige Ortsteile neue Erkenntnisse, wie auch interessante Einsichten auf Basis von \u00fcber 100 Jahren alten Postkarten ergeben. Vielen Dank f\u00fcr die R\u00fcckmeldungen! Auch das Kreisarchiv unterst\u00fctztContinue reading &rarr;<\/p>\n","protected":false},"author":1,"featured_media":0,"comment_status":"closed","ping_status":"closed","sticky":false,"template":"","format":"standard","meta":{"footnotes":""},"categories":[12],"tags":[],"class_list":["post-3359","post","type-post","status-publish","format-standard","hentry","category-poltringer-heimatgeschichte","no-thumb"],"_links":{"self":[{"href":"https:\/\/www.hwv-ammerbuch.de\/index.php?rest_route=\/wp\/v2\/posts\/3359","targetHints":{"allow":["GET"]}}],"collection":[{"href":"https:\/\/www.hwv-ammerbuch.de\/index.php?rest_route=\/wp\/v2\/posts"}],"about":[{"href":"https:\/\/www.hwv-ammerbuch.de\/index.php?rest_route=\/wp\/v2\/types\/post"}],"author":[{"embeddable":true,"href":"https:\/\/www.hwv-ammerbuch.de\/index.php?rest_route=\/wp\/v2\/users\/1"}],"replies":[{"embeddable":true,"href":"https:\/\/www.hwv-ammerbuch.de\/index.php?rest_route=%2Fwp%2Fv2%2Fcomments&post=3359"}],"version-history":[{"count":1,"href":"https:\/\/www.hwv-ammerbuch.de\/index.php?rest_route=\/wp\/v2\/posts\/3359\/revisions"}],"predecessor-version":[{"id":3361,"href":"https:\/\/www.hwv-ammerbuch.de\/index.php?rest_route=\/wp\/v2\/posts\/3359\/revisions\/3361"}],"wp:attachment":[{"href":"https:\/\/www.hwv-ammerbuch.de\/index.php?rest_route=%2Fwp%2Fv2%2Fmedia&parent=3359"}],"wp:term":[{"taxonomy":"category","embeddable":true,"href":"https:\/\/www.hwv-ammerbuch.de\/index.php?rest_route=%2Fwp%2Fv2%2Fcategories&post=3359"},{"taxonomy":"post_tag","embeddable":true,"href":"https:\/\/www.hwv-ammerbuch.de\/index.php?rest_route=%2Fwp%2Fv2%2Ftags&post=3359"}],"curies":[{"name":"wp","href":"https:\/\/api.w.org\/{rel}","templated":true}]}}