{"id":334,"date":"2010-04-19T20:41:36","date_gmt":"2010-04-19T18:41:36","guid":{"rendered":"http:\/\/hwvammerbuch.wordpress.com\/2010\/04\/19\/hallo-jugendliche-des-jahrgangs-19921993\/"},"modified":"2010-04-19T20:41:36","modified_gmt":"2010-04-19T18:41:36","slug":"hallo-jugendliche-des-jahrgangs-19921993","status":"publish","type":"post","link":"https:\/\/www.hwv-ammerbuch.de\/?p=334","title":{"rendered":"Hallo Jugendliche des Jahrgangs 1992\/1993"},"content":{"rendered":"<p>Bald ist es so weit \u2013 der Maibaum wird aufgestellt. In vielen Gemeinden macht die Jugend mit &#8211; und so ist es auch bei uns. Wir treffen uns am Freitag, dem 30. April 2010 ab 16:00 Uhr am H\u00fclenplatz (Entringerstra\u00dfe- gegen\u00fcber Flaschnerei Sailer).<br \/>\nDie M\u00e4dchen schm\u00fccken mit B\u00e4ndern den Maibaum. Die Jungs sind verantwortlich beim Montieren der Holzschilder (Arbeitskleidung, Arbeitshandschuhe). Das ganze dauert etwa 2 Stunden. Um 19:30 Uhr ist es dann soweit. Der Maibaum wird von den Jahrg\u00e4ngern aufgestellt. Hier wird Muskelkraft gefragt sein. Also zeigt was in Euch steckt! Leider haben wir nicht alle Adressen. Es w\u00e4re nett, wenn ihr Eueren Jahrg\u00e4ngern Bescheid geben k\u00f6nntet. \u201eZugezogene\u201c sind herzlich willkommen. Margot Sailer (Tel: 2127) 1.Vorsitzende Heimat- und Wanderverein Ammerbuch.<\/p>\n","protected":false},"excerpt":{"rendered":"<p>Bald ist es so weit \u2013 der Maibaum wird aufgestellt. In vielen Gemeinden macht die Jugend mit &#8211; und so ist es auch bei uns. Wir treffen uns am Freitag, dem 30. April 2010 ab 16:00 Uhr am H\u00fclenplatz (Entringerstra\u00dfe- gegen\u00fcber Flaschnerei Sailer). Die M\u00e4dchen schm\u00fccken mit B\u00e4ndern den Maibaum. Die Jungs sind verantwortlich beimContinue reading &rarr;<\/p>\n","protected":false},"author":1,"featured_media":0,"comment_status":"open","ping_status":"open","sticky":false,"template":"","format":"standard","meta":{"footnotes":""},"categories":[1],"tags":[],"class_list":["post-334","post","type-post","status-publish","format-standard","hentry","category-aktuelles","no-thumb"],"_links":{"self":[{"href":"https:\/\/www.hwv-ammerbuch.de\/index.php?rest_route=\/wp\/v2\/posts\/334","targetHints":{"allow":["GET"]}}],"collection":[{"href":"https:\/\/www.hwv-ammerbuch.de\/index.php?rest_route=\/wp\/v2\/posts"}],"about":[{"href":"https:\/\/www.hwv-ammerbuch.de\/index.php?rest_route=\/wp\/v2\/types\/post"}],"author":[{"embeddable":true,"href":"https:\/\/www.hwv-ammerbuch.de\/index.php?rest_route=\/wp\/v2\/users\/1"}],"replies":[{"embeddable":true,"href":"https:\/\/www.hwv-ammerbuch.de\/index.php?rest_route=%2Fwp%2Fv2%2Fcomments&post=334"}],"version-history":[{"count":0,"href":"https:\/\/www.hwv-ammerbuch.de\/index.php?rest_route=\/wp\/v2\/posts\/334\/revisions"}],"wp:attachment":[{"href":"https:\/\/www.hwv-ammerbuch.de\/index.php?rest_route=%2Fwp%2Fv2%2Fmedia&parent=334"}],"wp:term":[{"taxonomy":"category","embeddable":true,"href":"https:\/\/www.hwv-ammerbuch.de\/index.php?rest_route=%2Fwp%2Fv2%2Fcategories&post=334"},{"taxonomy":"post_tag","embeddable":true,"href":"https:\/\/www.hwv-ammerbuch.de\/index.php?rest_route=%2Fwp%2Fv2%2Ftags&post=334"}],"curies":[{"name":"wp","href":"https:\/\/api.w.org\/{rel}","templated":true}]}}