{"id":3297,"date":"2024-08-12T20:23:05","date_gmt":"2024-08-12T20:23:05","guid":{"rendered":"https:\/\/www.hwv-ammerbuch.de\/?p=3297"},"modified":"2024-08-12T20:24:46","modified_gmt":"2024-08-12T20:24:46","slug":"3297","status":"publish","type":"post","link":"https:\/\/www.hwv-ammerbuch.de\/?p=3297","title":{"rendered":""},"content":{"rendered":"\n<p class=\"has-medium-font-size\">\u201eAufruf: Alte Briefe gesucht!\u201c<\/p>\n\n\n\n<p>F\u00fcr ein ehrenamtliches Forschungsprojekt der Ammerbucher M\u00fcnz- und Briefmarkenfreunde und des Heimat- und Wandervereins e.V. zur Postgeschichte der Ammerbucher Ortsteile werden Postkarten und Briefe bzw. vor allem Briefumschl\u00e4ge mit Briefmarken und Stempeln von vor 1990 aus allen Ortsteilen von Ammerbuch gesucht. Mit diesen Materialien sollen dann eine Ausarbeitung zur Ammerbucher Postgeschichte, Amtsblattartikel, ggf. ein Vortrag und ein Lehrvideos (im reichweitestarken Youtube-Kanal RonAleX \u201eBriefmarkenecke\u201c von Ron Pichler) entstehen.<br>Die gesuchten Briefe und Postkarten sollten:<\/p>\n\n\n\n<ul class=\"wp-block-list\">\n<li>vor 1990 von \/ nach den Ammerbucher Ortsteilen gelaufen sein<\/li>\n\n\n\n<li>und gerne auch aus dem 18.\/19.\/20. Jahrhundert oder fr\u00fcher stammen<\/li>\n\n\n\n<li>die Inhalte der Briefumschl\u00e4ge bleiben au\u00dfer Betracht, da es prim\u00e4r um Stempel und Briefmarken geht<\/li>\n<\/ul>\n\n\n\n<p>Sie w\u00fcrden uns diese Briefe und Postkarten dann zum Einscannen \u00fcberlassen. Nach der digitalen Erfassung w\u00fcrden wir Ihnen diese wieder zur\u00fcckgeben. Gerne k\u00f6nnen solche Briefe und Postkarten dem Projekt aber auch dauerhaft \u00fcberlassen werden.<\/p>\n\n\n\n<figure class=\"wp-block-image size-large is-resized is-style-default\"><img loading=\"lazy\" decoding=\"async\" width=\"1024\" height=\"567\" src=\"https:\/\/www.hwv-ammerbuch.de\/wp-content\/uploads\/2024\/08\/HWV-AG-Aufruf-alte-Briefe-1024x567.jpg\" alt=\"\" class=\"wp-image-3299\" style=\"width:372px;height:auto\" srcset=\"https:\/\/www.hwv-ammerbuch.de\/wp-content\/uploads\/2024\/08\/HWV-AG-Aufruf-alte-Briefe-1024x567.jpg 1024w, https:\/\/www.hwv-ammerbuch.de\/wp-content\/uploads\/2024\/08\/HWV-AG-Aufruf-alte-Briefe-300x166.jpg 300w, https:\/\/www.hwv-ammerbuch.de\/wp-content\/uploads\/2024\/08\/HWV-AG-Aufruf-alte-Briefe-768x425.jpg 768w, https:\/\/www.hwv-ammerbuch.de\/wp-content\/uploads\/2024\/08\/HWV-AG-Aufruf-alte-Briefe.jpg 1387w\" sizes=\"auto, (max-width: 1024px) 100vw, 1024px\" \/><figcaption class=\"wp-element-caption\">Dienstbrief (postgeb\u00fchrenbefreit) von Entringen nach Altingen \u00fcber Herrenberg von 1865 (Postgeschichtliche Sammlung Ron Pichler, Altingen)<\/figcaption><\/figure>\n\n\n\n<p>Wir sind sehr gespannt, was wir als \u00e4ltesten Brief oder Postkarte mit Briefmarken und Stempeln erfassen k\u00f6nnen! Bisher sind das ein Brief von 1933 von Poltringen, von 1865 von Altingen, von 1939 von Breitenholz, von 1878 von Entringen, von 1911 von Pf\u00e4ffingen 1911 und von 1940 von Reusten.<br>Ansprechpartner sind:<\/p>\n\n\n\n<p>Ron Pichler (Ammerbucher M\u00fcnz- und Briefmarkenfreunde)<br>07032-89 31 090<br>ron.pichler \u00e4t live punkt de<br>Heubergstr. 4 in Altingen<\/p>\n\n\n\n<p>Boris Dieter (Heimat- und Wanderverein)<br>07073-300 769<br>boris.dieter \u00e4t arcor punkt de<br>Schickhardtring 15 in Poltringen<\/p>\n\n\n\n<p>Wer hierzu vertiefende Informationen beitragen m\u00f6chte oder Fragen hat, kann sich gerne auch bei unserer AG melden (heimatgeschichte \u00e4t hwv-ammerbuch punkt de).<br>F\u00fcr die AG \u201eHeimatgeschichte\u201c, Boris Dieter<\/p>\n\n\n\n<p>Kleines Extra \ud83d\ude09<br>Link zu einem Poltringer Ortsgeschichtethema in Videoformat<br>https:\/\/www.youtube.com\/watch?v=COkRpyq70Ww&amp;t=36s<\/p>\n\n\n\n<div style=\"height:30px\" aria-hidden=\"true\" class=\"wp-block-spacer\"><\/div>\n\n\n\n<p class=\"has-medium-font-size\">Funde aus der Poltringer Ortsgeschichte \u2013 \u201eDie Poltringer Amtsglocke\u201c<\/p>\n\n\n\n<p>Bevor es ein Amtsblatt gab, wurden allgemeine Informationen f\u00fcr die Bev\u00f6lkerung ausgeh\u00e4ngt und\/oder mit einer Glocke, der sogenannten \u201eSchell\u201c, im Ort \u201eausgeschellt\u201c. In Poltringen war das bis etwa zur Vereinigung zu Ammerbuch der Fall. Erst dann ersetze das gemeinsame Ammerbucher Amtsblatt das Ausschellen. Der letzte Amtsbote bzw. \u201eSch\u00fctz\u201c war der Feldsch\u00fctz Wilhem Maier, der diese Aufgabe im Nebenberuf wahrnahm. Sonst ein Amtssymbol oder Uniform au\u00dfer der Glocke hatte der Poltringer Amtsbote nicht. Die Amtsaus\u00fcbung erfolgte in Zivilkleidung.<\/p>\n\n\n\n<figure class=\"wp-block-image size-large is-resized is-style-default\"><img loading=\"lazy\" decoding=\"async\" width=\"1040\" height=\"1386\" src=\"https:\/\/www.hwv-ammerbuch.de\/wp-content\/uploads\/2024\/08\/HWV-AG-Amtsglocke-edited.jpg\" alt=\"\" class=\"wp-image-3303\" style=\"width:287px;height:auto\" srcset=\"https:\/\/www.hwv-ammerbuch.de\/wp-content\/uploads\/2024\/08\/HWV-AG-Amtsglocke-edited.jpg 1040w, https:\/\/www.hwv-ammerbuch.de\/wp-content\/uploads\/2024\/08\/HWV-AG-Amtsglocke-edited-225x300.jpg 225w, https:\/\/www.hwv-ammerbuch.de\/wp-content\/uploads\/2024\/08\/HWV-AG-Amtsglocke-edited-768x1024.jpg 768w\" sizes=\"auto, (max-width: 1040px) 100vw, 1040px\" \/><\/figure>\n\n\n\n<p>Seine Auftr\u00e4ge erhielt der Amtsbote vom B\u00fcrgermeister. Er lief dann durch das Dorf, hielt an etwa zehn Stellen an, l\u00e4utete l\u00e4nger die Glocke, wartete etwas ab und rief dann mehrfach \u201eBEKANNTMACHUNG!\u201c. Dann verlas er die zu verk\u00fcndenden Informationen. Dies erfolgte ungef\u00e4hr zweimal im Monat.<br>Informationen, die ausgeschellt wurden, waren z.B. Abholstellen f\u00fcr Briketts, gemeindlicher Holzverkauf, Gemeinderatssitzungstermine, Verpachtung Apfelb\u00e4ume, Tierquarant\u00e4neanordnungen und Einsatz der Dreschmaschine im Schlosshof.<br>Die heute noch im Ortsvorsteherzimmer lagernde Glocke aus dem wohl 20. Jahrhundert ist 30 cm hoch (Holzstiel 18 cm, Messingglocke 12 cm) und hat unten einen Durchmesser von 14 cm. Inschriften tr\u00e4gt die schmucklose, massive Glocke leider nicht. Ihr Gewicht betr\u00e4gt 1,3 kg. F\u00fcr die Informationen zur \u201eSchell\u201c und dem \u201eSch\u00fctz\u201c und das Zeitzeugeninterview danke ich Rose und Meinrad Schmid.<br>Wer hierzu vertiefende Informationen beitragen kann oder andere Geschichten als \u201eFundst\u00fccke\u201c beitragen m\u00f6chte, kann sich gerne bei unserer AG melden (heimatgeschichte \u00e4t hwv-ammerbuch punkt de).<\/p>\n\n\n\n<p class=\"has-text-align-right\">F\u00fcr die AG \u201eHeimatgeschichte\u201c, Boris Dieter<\/p>\n","protected":false},"excerpt":{"rendered":"<p>\u201eAufruf: Alte Briefe gesucht!\u201c F\u00fcr ein ehrenamtliches Forschungsprojekt der Ammerbucher M\u00fcnz- und Briefmarkenfreunde und des Heimat- und Wandervereins e.V. zur Postgeschichte der Ammerbucher Ortsteile werden Postkarten und Briefe bzw. vor allem Briefumschl\u00e4ge mit Briefmarken und Stempeln von vor 1990 aus allen Ortsteilen von Ammerbuch gesucht. Mit diesen Materialien sollen dann eine Ausarbeitung zur Ammerbucher Postgeschichte,Continue reading &rarr;<\/p>\n","protected":false},"author":1,"featured_media":0,"comment_status":"closed","ping_status":"closed","sticky":false,"template":"","format":"standard","meta":{"footnotes":""},"categories":[12],"tags":[],"class_list":["post-3297","post","type-post","status-publish","format-standard","hentry","category-poltringer-heimatgeschichte","no-thumb"],"_links":{"self":[{"href":"https:\/\/www.hwv-ammerbuch.de\/index.php?rest_route=\/wp\/v2\/posts\/3297","targetHints":{"allow":["GET"]}}],"collection":[{"href":"https:\/\/www.hwv-ammerbuch.de\/index.php?rest_route=\/wp\/v2\/posts"}],"about":[{"href":"https:\/\/www.hwv-ammerbuch.de\/index.php?rest_route=\/wp\/v2\/types\/post"}],"author":[{"embeddable":true,"href":"https:\/\/www.hwv-ammerbuch.de\/index.php?rest_route=\/wp\/v2\/users\/1"}],"replies":[{"embeddable":true,"href":"https:\/\/www.hwv-ammerbuch.de\/index.php?rest_route=%2Fwp%2Fv2%2Fcomments&post=3297"}],"version-history":[{"count":3,"href":"https:\/\/www.hwv-ammerbuch.de\/index.php?rest_route=\/wp\/v2\/posts\/3297\/revisions"}],"predecessor-version":[{"id":3304,"href":"https:\/\/www.hwv-ammerbuch.de\/index.php?rest_route=\/wp\/v2\/posts\/3297\/revisions\/3304"}],"wp:attachment":[{"href":"https:\/\/www.hwv-ammerbuch.de\/index.php?rest_route=%2Fwp%2Fv2%2Fmedia&parent=3297"}],"wp:term":[{"taxonomy":"category","embeddable":true,"href":"https:\/\/www.hwv-ammerbuch.de\/index.php?rest_route=%2Fwp%2Fv2%2Fcategories&post=3297"},{"taxonomy":"post_tag","embeddable":true,"href":"https:\/\/www.hwv-ammerbuch.de\/index.php?rest_route=%2Fwp%2Fv2%2Ftags&post=3297"}],"curies":[{"name":"wp","href":"https:\/\/api.w.org\/{rel}","templated":true}]}}