{"id":3290,"date":"2024-06-17T07:04:26","date_gmt":"2024-06-17T07:04:26","guid":{"rendered":"https:\/\/www.hwv-ammerbuch.de\/?p=3290"},"modified":"2024-06-17T07:06:35","modified_gmt":"2024-06-17T07:06:35","slug":"3290","status":"publish","type":"post","link":"https:\/\/www.hwv-ammerbuch.de\/?p=3290","title":{"rendered":""},"content":{"rendered":"\n<p class=\"has-medium-font-size\">Arbeitseins\u00e4tze<\/p>\n\n\n\n<p>F\u00fcr unsere Sonnwendfeier am Freitag, 21.06.2024, stehen folgende Arbeitseins\u00e4tze an:<\/p>\n\n\n\n<ul class=\"wp-block-list\">\n<li>Am Mittwoch, den 19.06.2024, ab\u00a0<strong>16 Uhr<\/strong>\u00a0Aufbau des Sonnwendfeuers, Herrichten der Palmbergh\u00fctte etc.<br><strong>Bitte beachten:<br><\/strong>Da Deutschland am Mittwoch spielt und der Spielbeginn um 18 Uhr ist, haben wir beschlossen den Aufbau auf 16 Uhr vorzuverlegen. (Im Gemeindebote stand noch 17 Uhr.)<\/li>\n\n\n\n<li>Am Samstag, den 22.06.2024, finden ab 10 Uhr bis ca. 12 Uhr die Aufr\u00e4umarbeiten statt.<\/li>\n<\/ul>\n\n\n\n<p>Wir hoffen auf viele Helferinnen und Helfer.<\/p>\n\n\n\n<div style=\"height:30px\" aria-hidden=\"true\" class=\"wp-block-spacer\"><\/div>\n\n\n\n<p class=\"has-medium-font-size\">Sonnwendfeier am 21.06.2024<\/p>\n\n\n\n<p>Unsere Sonnwendfeier auf dem Palmberg findet am Freitag, 21. Juni 2024, statt. Beginn ist um 19.00 Uhr. Bei Einbruch der Dunkelheit wollen wir einen Kinder-Fackelzug mit anschlie\u00dfender Entz\u00fcndung des Sonnwendfeuers durch die Kinder starten. Mit gemeinsamem Singen am Feuer wollen wir noch eine Weile gem\u00fctlich beisammen sein. F\u00fcr das leibliche Wohl wird gesorgt.<\/p>\n","protected":false},"excerpt":{"rendered":"<p>Arbeitseins\u00e4tze F\u00fcr unsere Sonnwendfeier am Freitag, 21.06.2024, stehen folgende Arbeitseins\u00e4tze an: Wir hoffen auf viele Helferinnen und Helfer. Sonnwendfeier am 21.06.2024 Unsere Sonnwendfeier auf dem Palmberg findet am Freitag, 21. Juni 2024, statt. Beginn ist um 19.00 Uhr. Bei Einbruch der Dunkelheit wollen wir einen Kinder-Fackelzug mit anschlie\u00dfender Entz\u00fcndung des Sonnwendfeuers durch die Kinder starten.Continue reading &rarr;<\/p>\n","protected":false},"author":1,"featured_media":0,"comment_status":"closed","ping_status":"closed","sticky":false,"template":"","format":"standard","meta":{"footnotes":""},"categories":[1],"tags":[],"class_list":["post-3290","post","type-post","status-publish","format-standard","hentry","category-aktuelles","no-thumb"],"_links":{"self":[{"href":"https:\/\/www.hwv-ammerbuch.de\/index.php?rest_route=\/wp\/v2\/posts\/3290","targetHints":{"allow":["GET"]}}],"collection":[{"href":"https:\/\/www.hwv-ammerbuch.de\/index.php?rest_route=\/wp\/v2\/posts"}],"about":[{"href":"https:\/\/www.hwv-ammerbuch.de\/index.php?rest_route=\/wp\/v2\/types\/post"}],"author":[{"embeddable":true,"href":"https:\/\/www.hwv-ammerbuch.de\/index.php?rest_route=\/wp\/v2\/users\/1"}],"replies":[{"embeddable":true,"href":"https:\/\/www.hwv-ammerbuch.de\/index.php?rest_route=%2Fwp%2Fv2%2Fcomments&post=3290"}],"version-history":[{"count":4,"href":"https:\/\/www.hwv-ammerbuch.de\/index.php?rest_route=\/wp\/v2\/posts\/3290\/revisions"}],"predecessor-version":[{"id":3295,"href":"https:\/\/www.hwv-ammerbuch.de\/index.php?rest_route=\/wp\/v2\/posts\/3290\/revisions\/3295"}],"wp:attachment":[{"href":"https:\/\/www.hwv-ammerbuch.de\/index.php?rest_route=%2Fwp%2Fv2%2Fmedia&parent=3290"}],"wp:term":[{"taxonomy":"category","embeddable":true,"href":"https:\/\/www.hwv-ammerbuch.de\/index.php?rest_route=%2Fwp%2Fv2%2Fcategories&post=3290"},{"taxonomy":"post_tag","embeddable":true,"href":"https:\/\/www.hwv-ammerbuch.de\/index.php?rest_route=%2Fwp%2Fv2%2Ftags&post=3290"}],"curies":[{"name":"wp","href":"https:\/\/api.w.org\/{rel}","templated":true}]}}