{"id":3253,"date":"2024-04-16T15:23:51","date_gmt":"2024-04-16T15:23:51","guid":{"rendered":"https:\/\/www.hwv-ammerbuch.de\/?p=3253"},"modified":"2024-04-18T15:27:55","modified_gmt":"2024-04-18T15:27:55","slug":"3253","status":"publish","type":"post","link":"https:\/\/www.hwv-ammerbuch.de\/?p=3253","title":{"rendered":""},"content":{"rendered":"\n<p class=\"has-medium-font-size\">Maibaumstellen<\/p>\n\n\n\n<p>am Dienstag, 30.04.2024 bei der Palmbergh\u00fctte Poltringen<br>17:00 Uhr: Alle Kinder sind herzlich eingeladen, den Maibaum mit uns zu schm\u00fccken (unter Aufsicht der Eltern).<br>18:00 Uhr: Hocketse mit Bewirtung: Hamburger und Currywurst<br>18:30 Uhr: Maibaumstellen mit Liedern und Gedichten unter dem Maibaum<br>Parkm\u00f6glichkeiten an der H\u00fctte oder am Poltringer Sportplatz.<\/p>\n\n\n\n<figure class=\"wp-block-image size-large is-resized is-style-default\"><img loading=\"lazy\" decoding=\"async\" width=\"725\" height=\"1024\" src=\"http:\/\/www.hwv-ammerbuch.de\/wp-content\/uploads\/2024\/04\/maibaumstellen_2024-725x1024.jpg\" alt=\"\" class=\"wp-image-3250\" style=\"width:347px;height:auto\" srcset=\"https:\/\/www.hwv-ammerbuch.de\/wp-content\/uploads\/2024\/04\/maibaumstellen_2024-725x1024.jpg 725w, https:\/\/www.hwv-ammerbuch.de\/wp-content\/uploads\/2024\/04\/maibaumstellen_2024-212x300.jpg 212w, https:\/\/www.hwv-ammerbuch.de\/wp-content\/uploads\/2024\/04\/maibaumstellen_2024-768x1085.jpg 768w, https:\/\/www.hwv-ammerbuch.de\/wp-content\/uploads\/2024\/04\/maibaumstellen_2024-1087x1536.jpg 1087w, https:\/\/www.hwv-ammerbuch.de\/wp-content\/uploads\/2024\/04\/maibaumstellen_2024.jpg 1241w\" sizes=\"auto, (max-width: 725px) 100vw, 725px\" \/><\/figure>\n\n\n\n<div style=\"height:30px\" aria-hidden=\"true\" class=\"wp-block-spacer\"><\/div>\n\n\n\n<p class=\"has-medium-font-size\">Wanderung zum Lembergturm in Gosheim am Donnerstag 09.Mai 2024<\/p>\n\n\n\n<p>Treffpunkt Donnerstag 09.05. um 09.30Uhr am Sportplatz in Poltringen.<br>Wir fahren mit privat Pkw nach Gosheim.<br>Nach langer Zeit besuchen wir mal wieder den Schw\u00e4bischen Eifelturm. Die Ortsgruppe feiert den 125 j\u00e4hrigen Geburtstag des Lembergturms mit einem entsprechenden Festprogramm.<br>Wir parken auf dem Lembergparkplatz und wandern von dort hoch zum Lembergturm.<br>Den Fahrtkostenanteil von 8,00\u20ac gibt jeder bitte direkt dem Fahrer mit dem er mitf\u00e4hrt.<br>Um planen zu k\u00f6nnen, bitten wir um telefonische Anmeldung bei Gerold 07073 2127<br>Mitfahrer und Fahrer!<br>WF: Gerold<\/p>\n\n\n\n<div style=\"height:30px\" aria-hidden=\"true\" class=\"wp-block-spacer\"><\/div>\n\n\n\n<p class=\"has-medium-font-size\">Anmeldung zur Spendenwanderung 2024<\/p>\n\n\n\n<p>Hallo liebe Wanderfreunde<br>am Sonntag, den 05. Mai 2024 veranstaltet die Kreissparkasse T\u00fcbingen eine Spendenwanderung.<br>F\u00fcr jeden gewanderten Kilometer spendet die Kreissparkasse T\u00fcbingen einen Euro.<br>Der Treffpunkt befindet sich am Sportgel\u00e4nde des TSV Dettingen, H\u00e4rlesweg 59, 72108 Rottenburg<br>Eintreffen der Wanderer ist zwischen 10:00 Uhr und 11:00 Uhr.<br>Tour1: 6 KM<br>Tour2: 9 Km<br>Tour3: 12KM<br>Tour F \u2013 Familientour (gel\u00e4ndeg\u00e4ngige Kinderwagen geeignet)<br>Au\u00dferdem wartet auf alle Kinder ein tolles Kinderprogramm.<br>Am Ende der Tour erhaltet Ihr einen Spendengutschein f\u00fcr die gelaufenen Kilometer. Mit diesem werden wir eine Ammerbucher Einrichtung unterst\u00fctzen.<br>Anmeldeschluss ist der 26.April 2024. Die Veranstaltung findet bei jedem Wetter statt.<br>Alle Infos : wirwunder.de\/tuebingen<br>Anmeldung:<br>Bei Gerold Sailer Tel. 07073 2127<\/p>\n\n\n\n<div style=\"height:30px\" aria-hidden=\"true\" class=\"wp-block-spacer\"><\/div>\n\n\n\n<p class=\"has-medium-font-size\">\u201eLust auf Geschichte als Hobby? &#8211; Heimatgeschichte erforschen:<br>Einf\u00fchrung &amp; Basiswissen\u201c<\/p>\n\n\n\n<p>Haben Sie Lust im Thema Geschichte aktiv(er) zu werden (Ortsgeschichte, Hausforschung, Vereinshistorie, Familiengeschichte, Heimatforschung, Firmenhistorie etc.)? Fehlt Ihnen Wissen und Kontakte dies umzusetzen? M\u00f6chten Sie erfahren, wie Sie Archive nutzen k\u00f6nnen und was dabei zu beachten ist? Brauchen Sie Tipps, wie Sie mit Ihren Forschungen starten k\u00f6nnten, wie man vorgehen kann, was man dazu braucht und wo man Unterst\u00fctzung findet? M\u00f6chten Sie Hinweise, wo Sie sich konkret einbringen k\u00f6nnen? Dann k\u00f6nnte der nachfolgende Vortrag interessant f\u00fcr Sie sein!<br>\u201eLust auf Geschichte als Hobby? &#8211; Heimatgeschichte erforschen:<br>Einf\u00fchrung &amp; Basiswissen\u201c<br>Das Kreisarchiv T\u00fcbingen, Ammerbuch Aktiv und der Heimat- und Wanderverein Ammerbuch e.V. laden alle Interessierten aus dem Kreis T\u00fcbingen und Umkreis, die sich ehrenamtlich (mehr) in der Geschichtsforschung engagieren m\u00f6chten zu dieser Veranstaltung ein:<br>Datum: 03.05.2024<br>Zeit: 19 Uhr (bis ca. 20:30 Uhr)<br>Ort: Zehntscheuer, Ammerbuch-Entringen<br>Voraussetzungen: keine Vorerfahrung notwendig, au\u00dfer Interesse am Einstieg in Heimatforschung oder generelles Interesse an M\u00f6glichkeiten in diesem Bereich<br>Kosten: keine<br>Pl\u00e4tze: ca. 20<br>Infos: heimatgeschichte at hwv-ammerbuch punkt de oder 07073-300 769<br>Referenten: Dr. Anastasia Antipova, Kreisarchiv, T\u00fcbingen, und Boris Dieter, Ehrenamtlicher Beauftragter Landesdenkmalamt Baden-W\u00fcrttemberg und Ortshistoriker, Poltringen<\/p>\n\n\n\n<figure class=\"wp-block-image size-large is-resized is-style-default\"><img loading=\"lazy\" decoding=\"async\" width=\"1024\" height=\"768\" src=\"https:\/\/www.hwv-ammerbuch.de\/wp-content\/uploads\/2024\/04\/HWV-AG-Heimatgeschichtsforschung-1024x768.jpg\" alt=\"\" class=\"wp-image-3256\" style=\"width:548px;height:auto\" srcset=\"https:\/\/www.hwv-ammerbuch.de\/wp-content\/uploads\/2024\/04\/HWV-AG-Heimatgeschichtsforschung-1024x768.jpg 1024w, https:\/\/www.hwv-ammerbuch.de\/wp-content\/uploads\/2024\/04\/HWV-AG-Heimatgeschichtsforschung-300x225.jpg 300w, https:\/\/www.hwv-ammerbuch.de\/wp-content\/uploads\/2024\/04\/HWV-AG-Heimatgeschichtsforschung-768x576.jpg 768w, https:\/\/www.hwv-ammerbuch.de\/wp-content\/uploads\/2024\/04\/HWV-AG-Heimatgeschichtsforschung.jpg 1386w\" sizes=\"auto, (max-width: 1024px) 100vw, 1024px\" \/><\/figure>\n","protected":false},"excerpt":{"rendered":"<p>Maibaumstellen am Dienstag, 30.04.2024 bei der Palmbergh\u00fctte Poltringen17:00 Uhr: Alle Kinder sind herzlich eingeladen, den Maibaum mit uns zu schm\u00fccken (unter Aufsicht der Eltern).18:00 Uhr: Hocketse mit Bewirtung: Hamburger und Currywurst18:30 Uhr: Maibaumstellen mit Liedern und Gedichten unter dem MaibaumParkm\u00f6glichkeiten an der H\u00fctte oder am Poltringer Sportplatz. Wanderung zum Lembergturm in Gosheim am Donnerstag 09.MaiContinue reading &rarr;<\/p>\n","protected":false},"author":1,"featured_media":0,"comment_status":"closed","ping_status":"closed","sticky":false,"template":"","format":"standard","meta":{"footnotes":""},"categories":[1],"tags":[],"class_list":["post-3253","post","type-post","status-publish","format-standard","hentry","category-aktuelles","no-thumb"],"_links":{"self":[{"href":"https:\/\/www.hwv-ammerbuch.de\/index.php?rest_route=\/wp\/v2\/posts\/3253","targetHints":{"allow":["GET"]}}],"collection":[{"href":"https:\/\/www.hwv-ammerbuch.de\/index.php?rest_route=\/wp\/v2\/posts"}],"about":[{"href":"https:\/\/www.hwv-ammerbuch.de\/index.php?rest_route=\/wp\/v2\/types\/post"}],"author":[{"embeddable":true,"href":"https:\/\/www.hwv-ammerbuch.de\/index.php?rest_route=\/wp\/v2\/users\/1"}],"replies":[{"embeddable":true,"href":"https:\/\/www.hwv-ammerbuch.de\/index.php?rest_route=%2Fwp%2Fv2%2Fcomments&post=3253"}],"version-history":[{"count":3,"href":"https:\/\/www.hwv-ammerbuch.de\/index.php?rest_route=\/wp\/v2\/posts\/3253\/revisions"}],"predecessor-version":[{"id":3259,"href":"https:\/\/www.hwv-ammerbuch.de\/index.php?rest_route=\/wp\/v2\/posts\/3253\/revisions\/3259"}],"wp:attachment":[{"href":"https:\/\/www.hwv-ammerbuch.de\/index.php?rest_route=%2Fwp%2Fv2%2Fmedia&parent=3253"}],"wp:term":[{"taxonomy":"category","embeddable":true,"href":"https:\/\/www.hwv-ammerbuch.de\/index.php?rest_route=%2Fwp%2Fv2%2Fcategories&post=3253"},{"taxonomy":"post_tag","embeddable":true,"href":"https:\/\/www.hwv-ammerbuch.de\/index.php?rest_route=%2Fwp%2Fv2%2Ftags&post=3253"}],"curies":[{"name":"wp","href":"https:\/\/api.w.org\/{rel}","templated":true}]}}