{"id":3223,"date":"2024-01-25T20:47:55","date_gmt":"2024-01-25T20:47:55","guid":{"rendered":"https:\/\/www.hwv-ammerbuch.de\/?p=3223"},"modified":"2024-01-25T20:47:56","modified_gmt":"2024-01-25T20:47:56","slug":"3223","status":"publish","type":"post","link":"https:\/\/www.hwv-ammerbuch.de\/?p=3223","title":{"rendered":""},"content":{"rendered":"\n<p class=\"has-medium-font-size\">Arbeitseins\u00e4tze<\/p>\n\n\n\n<p>Am Samstag 03.02.2024 treffen wir uns um 9:00 Uhr auf dem Palmberg bei den Garagen zu Vorbereitungsarbeiten f\u00fcr den PFC Umzug am Sonntag. Mit den Aufr\u00e4umungsarbeiten wollen wir am Montag 05.02.2024 um 14:00 Uhr beginnen. Auch dazu ist jede helfende Hand herzlich willkommen.<\/p>\n\n\n\n<div style=\"height:30px\" aria-hidden=\"true\" class=\"wp-block-spacer\"><\/div>\n\n\n\n<p class=\"has-medium-font-size\">PFC Umzug am Sonntag 04.02.2024<\/p>\n\n\n\n<p>Der Verpflegungsstand des Heimat- und Wandervereins steht traditionsgem\u00e4\u00df, wieder gegen\u00fcber dem Rathaus in Poltringen. Dort bieten wir hei\u00dfe Rote sowie Bier, Gl\u00fchwein, Punsch alkoholfrei, Kaffee und Sekt an. Das Standpersonal ist ab 9:00 Uhr zur Vorbereitung eingeteilt. Wir bewirten ab 11:00 Uhr.<\/p>\n\n\n\n<figure class=\"wp-block-image size-large is-resized is-style-default\"><img loading=\"lazy\" decoding=\"async\" src=\"http:\/\/www.hwv-ammerbuch.de\/wp-content\/uploads\/2024\/01\/info_2024_final-798x1024.jpg\" alt=\"\" class=\"wp-image-3224\" width=\"399\" height=\"512\" srcset=\"https:\/\/www.hwv-ammerbuch.de\/wp-content\/uploads\/2024\/01\/info_2024_final-798x1024.jpg 798w, https:\/\/www.hwv-ammerbuch.de\/wp-content\/uploads\/2024\/01\/info_2024_final-234x300.jpg 234w, https:\/\/www.hwv-ammerbuch.de\/wp-content\/uploads\/2024\/01\/info_2024_final-768x986.jpg 768w, https:\/\/www.hwv-ammerbuch.de\/wp-content\/uploads\/2024\/01\/info_2024_final.jpg 875w\" sizes=\"auto, (max-width: 399px) 100vw, 399px\" \/><\/figure>\n","protected":false},"excerpt":{"rendered":"<p>Arbeitseins\u00e4tze Am Samstag 03.02.2024 treffen wir uns um 9:00 Uhr auf dem Palmberg bei den Garagen zu Vorbereitungsarbeiten f\u00fcr den PFC Umzug am Sonntag. Mit den Aufr\u00e4umungsarbeiten wollen wir am Montag 05.02.2024 um 14:00 Uhr beginnen. Auch dazu ist jede helfende Hand herzlich willkommen. PFC Umzug am Sonntag 04.02.2024 Der Verpflegungsstand des Heimat- und WandervereinsContinue reading &rarr;<\/p>\n","protected":false},"author":1,"featured_media":0,"comment_status":"closed","ping_status":"closed","sticky":false,"template":"","format":"standard","meta":{"footnotes":""},"categories":[1],"tags":[],"class_list":["post-3223","post","type-post","status-publish","format-standard","hentry","category-aktuelles","no-thumb"],"_links":{"self":[{"href":"https:\/\/www.hwv-ammerbuch.de\/index.php?rest_route=\/wp\/v2\/posts\/3223","targetHints":{"allow":["GET"]}}],"collection":[{"href":"https:\/\/www.hwv-ammerbuch.de\/index.php?rest_route=\/wp\/v2\/posts"}],"about":[{"href":"https:\/\/www.hwv-ammerbuch.de\/index.php?rest_route=\/wp\/v2\/types\/post"}],"author":[{"embeddable":true,"href":"https:\/\/www.hwv-ammerbuch.de\/index.php?rest_route=\/wp\/v2\/users\/1"}],"replies":[{"embeddable":true,"href":"https:\/\/www.hwv-ammerbuch.de\/index.php?rest_route=%2Fwp%2Fv2%2Fcomments&post=3223"}],"version-history":[{"count":1,"href":"https:\/\/www.hwv-ammerbuch.de\/index.php?rest_route=\/wp\/v2\/posts\/3223\/revisions"}],"predecessor-version":[{"id":3225,"href":"https:\/\/www.hwv-ammerbuch.de\/index.php?rest_route=\/wp\/v2\/posts\/3223\/revisions\/3225"}],"wp:attachment":[{"href":"https:\/\/www.hwv-ammerbuch.de\/index.php?rest_route=%2Fwp%2Fv2%2Fmedia&parent=3223"}],"wp:term":[{"taxonomy":"category","embeddable":true,"href":"https:\/\/www.hwv-ammerbuch.de\/index.php?rest_route=%2Fwp%2Fv2%2Fcategories&post=3223"},{"taxonomy":"post_tag","embeddable":true,"href":"https:\/\/www.hwv-ammerbuch.de\/index.php?rest_route=%2Fwp%2Fv2%2Ftags&post=3223"}],"curies":[{"name":"wp","href":"https:\/\/api.w.org\/{rel}","templated":true}]}}