{"id":3202,"date":"2023-11-30T19:51:13","date_gmt":"2023-11-30T19:51:13","guid":{"rendered":"https:\/\/www.hwv-ammerbuch.de\/?p=3202"},"modified":"2023-12-30T19:52:00","modified_gmt":"2023-12-30T19:52:00","slug":"3202","status":"publish","type":"post","link":"https:\/\/www.hwv-ammerbuch.de\/?p=3202","title":{"rendered":""},"content":{"rendered":"\n<p class=\"has-medium-font-size\">Adventskaffee am 06.12.2023 ab 14:30 in der Palmbergh\u00fctte Poltringen<\/p>\n\n\n\n<p>Wir laden ein zu einem gem\u00fctlichen Adventsnachmittag mit Weihnachtsliedersingen bei Kaffee und Kuchen in geselliger Runde.<\/p>\n\n\n\n<div style=\"height:30px\" aria-hidden=\"true\" class=\"wp-block-spacer\"><\/div>\n\n\n\n<p class=\"has-medium-font-size\">Nachtwanderung am 08.12.2023<\/p>\n\n\n\n<p>Zu unserer diesj\u00e4hrigen Nachtwanderung treffen wir uns um 17.00 Uhr am Bahnhof in Pf\u00e4ffingen. Von dort aus wandern wir auf einer ca. 4 km langen Route in Richtung Unterjesingen und gelangen \u00fcber die Kirchhalde auf einen wundersch\u00f6nen H\u00f6henrundweg oberhalb der Weinberge. Die herrliche Aussicht auf das abendliche, vielleicht auch verschneite Ammertal wird uns an verschiedenen Aussichtspunkten immer wieder in den Bann ziehen. Lasst Euch \u00fcberraschen!<br>Nach Pf\u00e4ffingen zur\u00fcckgekehrt, fahren wir mit dem Auto zur Palmbergh\u00fctte. Dort erwartet uns ein warmes Grillfeuer und Gl\u00fchwein. Rote Wurst zum Selbergrillen oder Saitenw\u00fcrstchen samt Wecken sind in der H\u00fctte erh\u00e4ltlich. Grillgut kann nat\u00fcrlich auch mitgebracht werden und kann vor der Wanderung in der H\u00fctte deponiert werden. Bitte Taschenlampe nicht vergessen. Gastwanderer sind wie immer herzlich willkommen.<br>Der Wanderf\u00fchrer Egon Bischofberger<\/p>\n","protected":false},"excerpt":{"rendered":"<p>Adventskaffee am 06.12.2023 ab 14:30 in der Palmbergh\u00fctte Poltringen Wir laden ein zu einem gem\u00fctlichen Adventsnachmittag mit Weihnachtsliedersingen bei Kaffee und Kuchen in geselliger Runde. Nachtwanderung am 08.12.2023 Zu unserer diesj\u00e4hrigen Nachtwanderung treffen wir uns um 17.00 Uhr am Bahnhof in Pf\u00e4ffingen. Von dort aus wandern wir auf einer ca. 4 km langen Route inContinue reading &rarr;<\/p>\n","protected":false},"author":1,"featured_media":0,"comment_status":"closed","ping_status":"closed","sticky":false,"template":"","format":"standard","meta":{"footnotes":""},"categories":[1],"tags":[],"class_list":["post-3202","post","type-post","status-publish","format-standard","hentry","category-aktuelles","no-thumb"],"_links":{"self":[{"href":"https:\/\/www.hwv-ammerbuch.de\/index.php?rest_route=\/wp\/v2\/posts\/3202","targetHints":{"allow":["GET"]}}],"collection":[{"href":"https:\/\/www.hwv-ammerbuch.de\/index.php?rest_route=\/wp\/v2\/posts"}],"about":[{"href":"https:\/\/www.hwv-ammerbuch.de\/index.php?rest_route=\/wp\/v2\/types\/post"}],"author":[{"embeddable":true,"href":"https:\/\/www.hwv-ammerbuch.de\/index.php?rest_route=\/wp\/v2\/users\/1"}],"replies":[{"embeddable":true,"href":"https:\/\/www.hwv-ammerbuch.de\/index.php?rest_route=%2Fwp%2Fv2%2Fcomments&post=3202"}],"version-history":[{"count":1,"href":"https:\/\/www.hwv-ammerbuch.de\/index.php?rest_route=\/wp\/v2\/posts\/3202\/revisions"}],"predecessor-version":[{"id":3203,"href":"https:\/\/www.hwv-ammerbuch.de\/index.php?rest_route=\/wp\/v2\/posts\/3202\/revisions\/3203"}],"wp:attachment":[{"href":"https:\/\/www.hwv-ammerbuch.de\/index.php?rest_route=%2Fwp%2Fv2%2Fmedia&parent=3202"}],"wp:term":[{"taxonomy":"category","embeddable":true,"href":"https:\/\/www.hwv-ammerbuch.de\/index.php?rest_route=%2Fwp%2Fv2%2Fcategories&post=3202"},{"taxonomy":"post_tag","embeddable":true,"href":"https:\/\/www.hwv-ammerbuch.de\/index.php?rest_route=%2Fwp%2Fv2%2Ftags&post=3202"}],"curies":[{"name":"wp","href":"https:\/\/api.w.org\/{rel}","templated":true}]}}