{"id":3196,"date":"2023-11-10T20:19:00","date_gmt":"2023-11-10T20:19:00","guid":{"rendered":"https:\/\/www.hwv-ammerbuch.de\/?p=3196"},"modified":"2023-11-14T20:21:03","modified_gmt":"2023-11-14T20:21:03","slug":"3196","status":"publish","type":"post","link":"https:\/\/www.hwv-ammerbuch.de\/?p=3196","title":{"rendered":""},"content":{"rendered":"\n<p class=\"has-medium-font-size\">Adventsbasar am 12.11.2023<\/p>\n\n\n\n<p>Am Sonntag, 12.11.2023, ab 11.00 Uhr startet unser 11. Basar in der Palmbergh\u00fctte.<\/p>\n\n\n\n<div style=\"height:30px\" aria-hidden=\"true\" class=\"wp-block-spacer\"><\/div>\n\n\n\n<p class=\"has-medium-font-size\">Heimatgeschichte &#8211; Einladung<\/p>\n\n\n\n<p>Gemeinsam mit dem B\u00fcrgerverein Ammerbuch e.V. veranstaltete der Heimat- und Wanderverein Ammerbuch e.V. am 18. Oktober einen Nachmittag zum Thema &#8222;Landwirtschaft &#8211; fr\u00fcher&#8220; in der Palmbergh\u00fctte. Dabei standen vor allem die 50er und 60er Jahre im Fokus.<br>Die Fortsetzung dieser Themenreihe ist am Mittwoch, 15. November 2023. Geschichtsinteressierte treffen sich dann um 14.30 Uhr in der Schlossscheuer in Poltringen. Dabei geht es vor allem um landwirtschaftliche Ger\u00e4te.<\/p>\n\n\n\n<div style=\"height:30px\" aria-hidden=\"true\" class=\"wp-block-spacer\"><\/div>\n\n\n\n<p class=\"has-medium-font-size\">Spieleabend f\u00fcr alle am Freitag, 17. November, ab 19.00 Uhr<\/p>\n\n\n\n<p>Wer mal was Neues versuchen m\u00f6chte oder Altbekanntes in einer anderen Runde spielen m\u00f6chte, ist hier genau richtig. Wer kennt UNO? Wer kann Kniffel, Binokel, Skat o.\u00c4.? Wer m\u00f6chte sein Lieblingsspiel von damals den anderen vorstellen? Bringt ein Spiel mit oder kommt einfach so vorbei, es kommt jeder auf seine Kosten. Kommt mit guter Laune vorbei und zeigt, was ihr draufhabt. Es geht um Ruhm und Ehre! G\u00e4ste sind herzlich willkommen.<\/p>\n","protected":false},"excerpt":{"rendered":"<p>Adventsbasar am 12.11.2023 Am Sonntag, 12.11.2023, ab 11.00 Uhr startet unser 11. Basar in der Palmbergh\u00fctte. Heimatgeschichte &#8211; Einladung Gemeinsam mit dem B\u00fcrgerverein Ammerbuch e.V. veranstaltete der Heimat- und Wanderverein Ammerbuch e.V. am 18. Oktober einen Nachmittag zum Thema &#8222;Landwirtschaft &#8211; fr\u00fcher&#8220; in der Palmbergh\u00fctte. Dabei standen vor allem die 50er und 60er Jahre imContinue reading &rarr;<\/p>\n","protected":false},"author":1,"featured_media":0,"comment_status":"closed","ping_status":"closed","sticky":false,"template":"","format":"standard","meta":{"footnotes":""},"categories":[1],"tags":[],"class_list":["post-3196","post","type-post","status-publish","format-standard","hentry","category-aktuelles","no-thumb"],"_links":{"self":[{"href":"https:\/\/www.hwv-ammerbuch.de\/index.php?rest_route=\/wp\/v2\/posts\/3196","targetHints":{"allow":["GET"]}}],"collection":[{"href":"https:\/\/www.hwv-ammerbuch.de\/index.php?rest_route=\/wp\/v2\/posts"}],"about":[{"href":"https:\/\/www.hwv-ammerbuch.de\/index.php?rest_route=\/wp\/v2\/types\/post"}],"author":[{"embeddable":true,"href":"https:\/\/www.hwv-ammerbuch.de\/index.php?rest_route=\/wp\/v2\/users\/1"}],"replies":[{"embeddable":true,"href":"https:\/\/www.hwv-ammerbuch.de\/index.php?rest_route=%2Fwp%2Fv2%2Fcomments&post=3196"}],"version-history":[{"count":1,"href":"https:\/\/www.hwv-ammerbuch.de\/index.php?rest_route=\/wp\/v2\/posts\/3196\/revisions"}],"predecessor-version":[{"id":3197,"href":"https:\/\/www.hwv-ammerbuch.de\/index.php?rest_route=\/wp\/v2\/posts\/3196\/revisions\/3197"}],"wp:attachment":[{"href":"https:\/\/www.hwv-ammerbuch.de\/index.php?rest_route=%2Fwp%2Fv2%2Fmedia&parent=3196"}],"wp:term":[{"taxonomy":"category","embeddable":true,"href":"https:\/\/www.hwv-ammerbuch.de\/index.php?rest_route=%2Fwp%2Fv2%2Fcategories&post=3196"},{"taxonomy":"post_tag","embeddable":true,"href":"https:\/\/www.hwv-ammerbuch.de\/index.php?rest_route=%2Fwp%2Fv2%2Ftags&post=3196"}],"curies":[{"name":"wp","href":"https:\/\/api.w.org\/{rel}","templated":true}]}}