{"id":3160,"date":"2023-07-05T13:24:00","date_gmt":"2023-07-05T13:24:00","guid":{"rendered":"http:\/\/www.hwv-ammerbuch.de\/?p=3160"},"modified":"2023-07-10T13:25:26","modified_gmt":"2023-07-10T13:25:26","slug":"3160","status":"publish","type":"post","link":"https:\/\/www.hwv-ammerbuch.de\/?p=3160","title":{"rendered":""},"content":{"rendered":"\n<p class=\"has-medium-font-size\">Anmeldung Ausflug zur Gartenschau in Balingen<\/p>\n\n\n\n<p>Treffpunkt: Sonntag, 9.7.2023, um 10.00 Uhr am Sportplatz in Poltringen<br>Wir fahren mit Privat-Pkw nach Balingen; parken neben der Sparkassen-Arena. Vor Ort kaufen wir unsere Tickets und verweilen dann bis ca. 17.00 Uhr in der Gartenschau. Wir werden vor Ort einen Treffpunkt ausmachen, wo wir uns vor der R\u00fcckfahrt treffen. Als Abschluss wollen wir noch gemeinsam einkehren.<br>Der Eintrittspreis kostet 14,00 \u20ac. Den Fahrtkostenanteil von 5,00 \u20ac gibt jeder bitte direkt dem Fahrer, mit dem er mitf\u00e4hrt. Um planen zu k\u00f6nnen, bitten wir um telefonische Anmeldung bei Gerold unter 07073 2127 &#8211; Mitfahrer und Fahrer!<br>WF: Gerold Sailer<\/p>\n\n\n\n<div style=\"height:30px\" aria-hidden=\"true\" class=\"wp-block-spacer\"><\/div>\n\n\n\n<p class=\"has-medium-font-size\">Nachlese Sonnwendfeier<\/p>\n\n\n\n<p>Bei sch\u00f6nem Wetter und m\u00e4\u00dfigem Wind fand unsere diesj\u00e4hrige Sonnwendfeier statt. Nach der Begr\u00fc\u00dfung der G\u00e4ste durch unsere 1. Vorsitzende Margot Sailer wurden die Fackeln verteilt. Nachdem alle Kinder mit Fackeln ausger\u00fcstet waren, wurde unter der Leitung von Marietta Sailer der Fackelzug gestartet. Gespannt haben sich die Kinder dann um das aufgeschichtete Holz des Sonnwendfeuers versammelt. Nach einem gemeinsam heruntergez\u00e4hlten Countdown wurde durch die Kinder das Feuer entz\u00fcndet. Wundersch\u00f6n war das Sonnwendfeuer, hell und warm, sehr warm, wenn man zu dicht am Feuer stand. Es hat gebrannt bis in die Nacht.<br>Anschlie\u00dfend haben wir am Feuer gemeinsam Lieder gesungen, wobei uns Egon Bischofberger auf der Gitarre begleitete.<br>Vielen Dank an unsere Helfer, die beim Auf- und Abbau geholfen haben, und den Helfern in der Theke, am Wurststand und allen anderen, die im Hintergrund dazu beitrugen, dass unsere Sonnwendfeier wieder erfolgreich verlaufen ist.<\/p>\n\n\n\n<figure class=\"wp-block-image size-large is-style-default\"><img loading=\"lazy\" decoding=\"async\" width=\"1024\" height=\"601\" src=\"http:\/\/www.hwv-ammerbuch.de\/wp-content\/uploads\/2023\/07\/image230704142409468913-AS_Sonnwendfe-1024x601.jpg\" alt=\"\" class=\"wp-image-3161\" srcset=\"https:\/\/www.hwv-ammerbuch.de\/wp-content\/uploads\/2023\/07\/image230704142409468913-AS_Sonnwendfe-1024x601.jpg 1024w, https:\/\/www.hwv-ammerbuch.de\/wp-content\/uploads\/2023\/07\/image230704142409468913-AS_Sonnwendfe-300x176.jpg 300w, https:\/\/www.hwv-ammerbuch.de\/wp-content\/uploads\/2023\/07\/image230704142409468913-AS_Sonnwendfe-768x451.jpg 768w, https:\/\/www.hwv-ammerbuch.de\/wp-content\/uploads\/2023\/07\/image230704142409468913-AS_Sonnwendfe-1536x902.jpg 1536w, https:\/\/www.hwv-ammerbuch.de\/wp-content\/uploads\/2023\/07\/image230704142409468913-AS_Sonnwendfe-2048x1203.jpg 2048w\" sizes=\"auto, (max-width: 1024px) 100vw, 1024px\" \/><\/figure>\n\n\n\n<div style=\"height:30px\" aria-hidden=\"true\" class=\"wp-block-spacer\"><\/div>\n\n\n\n<p class=\"has-medium-font-size\">Arbeitseinsatz und Grillfest f\u00fcr alle Vereinsmitglieder<\/p>\n\n\n\n<p>Liebe Vereinsmitglieder!<br>Eigentum verpflichtet. Deshalb m\u00fcssen wir wieder in und um die Palmbergh\u00fctte einen Arbeitseinsatz machen. Die wichtigsten bzw. dringlichsten Arbeiten wollen wir mit Eurer Hilfe am Samstag, 15. Juli 2023, von 9.00 bis 13.00 Uhr angehen. Es m\u00fcssen folgende Arbeiten in Angriff genommen werden: Hecken schneiden, Gr\u00fcngut aufr\u00e4umen, Spielplatz herrichten, in der Palmbergh\u00fctte Fenster putzen \u2026<br>Es gibt wieder eine Menge zu tun. Bitte Arbeitshandschuhe und eventuell Ger\u00e4te wie Heckenschere, Gabel und Schubkarren \u2026 mitbringen.<br>Wir hoffen auf zahlreiches Kommen von Frauen und M\u00e4nnern.<br>Am gleichen Tag wollen wir unser j\u00e4hrliches Grillfest f\u00fcr alle Vereinsmitglieder und ihre Angeh\u00f6rigen ab 16.00 Uhr auf dem Gel\u00e4nde der Palmbergh\u00fctte machen. Mitzubringen sind gute Laune und Grillgut. Rote W\u00fcrste und Curryw\u00fcrste haben wir noch vorr\u00e4tig. \u00dcber Salate und Nachtischspenden f\u00fcr das Buffet freuen wir uns. Nach dem Grillen wollen wir noch gem\u00fctlich zusammen sitzen.<br>Eure Vorstandschaft<\/p>\n","protected":false},"excerpt":{"rendered":"<p>Anmeldung Ausflug zur Gartenschau in Balingen Treffpunkt: Sonntag, 9.7.2023, um 10.00 Uhr am Sportplatz in PoltringenWir fahren mit Privat-Pkw nach Balingen; parken neben der Sparkassen-Arena. Vor Ort kaufen wir unsere Tickets und verweilen dann bis ca. 17.00 Uhr in der Gartenschau. Wir werden vor Ort einen Treffpunkt ausmachen, wo wir uns vor der R\u00fcckfahrt treffen.Continue reading &rarr;<\/p>\n","protected":false},"author":1,"featured_media":0,"comment_status":"closed","ping_status":"closed","sticky":false,"template":"","format":"standard","meta":{"footnotes":""},"categories":[1],"tags":[],"class_list":["post-3160","post","type-post","status-publish","format-standard","hentry","category-aktuelles","no-thumb"],"_links":{"self":[{"href":"https:\/\/www.hwv-ammerbuch.de\/index.php?rest_route=\/wp\/v2\/posts\/3160","targetHints":{"allow":["GET"]}}],"collection":[{"href":"https:\/\/www.hwv-ammerbuch.de\/index.php?rest_route=\/wp\/v2\/posts"}],"about":[{"href":"https:\/\/www.hwv-ammerbuch.de\/index.php?rest_route=\/wp\/v2\/types\/post"}],"author":[{"embeddable":true,"href":"https:\/\/www.hwv-ammerbuch.de\/index.php?rest_route=\/wp\/v2\/users\/1"}],"replies":[{"embeddable":true,"href":"https:\/\/www.hwv-ammerbuch.de\/index.php?rest_route=%2Fwp%2Fv2%2Fcomments&post=3160"}],"version-history":[{"count":1,"href":"https:\/\/www.hwv-ammerbuch.de\/index.php?rest_route=\/wp\/v2\/posts\/3160\/revisions"}],"predecessor-version":[{"id":3162,"href":"https:\/\/www.hwv-ammerbuch.de\/index.php?rest_route=\/wp\/v2\/posts\/3160\/revisions\/3162"}],"wp:attachment":[{"href":"https:\/\/www.hwv-ammerbuch.de\/index.php?rest_route=%2Fwp%2Fv2%2Fmedia&parent=3160"}],"wp:term":[{"taxonomy":"category","embeddable":true,"href":"https:\/\/www.hwv-ammerbuch.de\/index.php?rest_route=%2Fwp%2Fv2%2Fcategories&post=3160"},{"taxonomy":"post_tag","embeddable":true,"href":"https:\/\/www.hwv-ammerbuch.de\/index.php?rest_route=%2Fwp%2Fv2%2Ftags&post=3160"}],"curies":[{"name":"wp","href":"https:\/\/api.w.org\/{rel}","templated":true}]}}