{"id":3155,"date":"2023-06-22T19:55:47","date_gmt":"2023-06-22T19:55:47","guid":{"rendered":"http:\/\/www.hwv-ammerbuch.de\/?p=3155"},"modified":"2023-06-22T19:58:50","modified_gmt":"2023-06-22T19:58:50","slug":"3155","status":"publish","type":"post","link":"https:\/\/www.hwv-ammerbuch.de\/?p=3155","title":{"rendered":""},"content":{"rendered":"\n<p class=\"has-medium-font-size\">Sonnwendfeier<\/p>\n\n\n\n<p>Unsere Sonnwendfeier auf dem Palmberg findet am Freitag, 23. Juni 2023, statt. Beginn ist um 19.00 Uhr. Bei Einbruch der Dunkelheit wollen wir einen Kinder-Fackelzug mit anschlie\u00dfender Entz\u00fcndung des Sonnwendfeuers durch die Kinder starten. Mit gemeinsamem Singen am Feuer wollen wir noch eine Weile gem\u00fctlich beisammen sein. F\u00fcr das leibliche Wohl wird gesorgt.<\/p>\n\n\n\n<figure class=\"wp-block-image size-large is-resized is-style-default\"><a href=\"http:\/\/www.hwv-ammerbuch.de\/wp-content\/uploads\/2023\/06\/poster_sonnwendfeier_2023.jpg\" target=\" _blank\" rel=\"noopener\"><img loading=\"lazy\" decoding=\"async\" src=\"http:\/\/www.hwv-ammerbuch.de\/wp-content\/uploads\/2023\/06\/poster_sonnwendfeier_2023-724x1024.jpg\" alt=\"\" class=\"wp-image-3156\" width=\"543\" height=\"768\" srcset=\"https:\/\/www.hwv-ammerbuch.de\/wp-content\/uploads\/2023\/06\/poster_sonnwendfeier_2023-724x1024.jpg 724w, https:\/\/www.hwv-ammerbuch.de\/wp-content\/uploads\/2023\/06\/poster_sonnwendfeier_2023-212x300.jpg 212w, https:\/\/www.hwv-ammerbuch.de\/wp-content\/uploads\/2023\/06\/poster_sonnwendfeier_2023-768x1086.jpg 768w, https:\/\/www.hwv-ammerbuch.de\/wp-content\/uploads\/2023\/06\/poster_sonnwendfeier_2023-1086x1536.jpg 1086w, https:\/\/www.hwv-ammerbuch.de\/wp-content\/uploads\/2023\/06\/poster_sonnwendfeier_2023-1448x2048.jpg 1448w, https:\/\/www.hwv-ammerbuch.de\/wp-content\/uploads\/2023\/06\/poster_sonnwendfeier_2023.jpg 1754w\" sizes=\"auto, (max-width: 543px) 100vw, 543px\" \/><\/a><\/figure>\n","protected":false},"excerpt":{"rendered":"<p>Sonnwendfeier Unsere Sonnwendfeier auf dem Palmberg findet am Freitag, 23. Juni 2023, statt. Beginn ist um 19.00 Uhr. Bei Einbruch der Dunkelheit wollen wir einen Kinder-Fackelzug mit anschlie\u00dfender Entz\u00fcndung des Sonnwendfeuers durch die Kinder starten. Mit gemeinsamem Singen am Feuer wollen wir noch eine Weile gem\u00fctlich beisammen sein. F\u00fcr das leibliche Wohl wird gesorgt.<\/p>\n","protected":false},"author":1,"featured_media":0,"comment_status":"closed","ping_status":"closed","sticky":false,"template":"","format":"standard","meta":{"footnotes":""},"categories":[1],"tags":[],"class_list":["post-3155","post","type-post","status-publish","format-standard","hentry","category-aktuelles","no-thumb"],"_links":{"self":[{"href":"https:\/\/www.hwv-ammerbuch.de\/index.php?rest_route=\/wp\/v2\/posts\/3155","targetHints":{"allow":["GET"]}}],"collection":[{"href":"https:\/\/www.hwv-ammerbuch.de\/index.php?rest_route=\/wp\/v2\/posts"}],"about":[{"href":"https:\/\/www.hwv-ammerbuch.de\/index.php?rest_route=\/wp\/v2\/types\/post"}],"author":[{"embeddable":true,"href":"https:\/\/www.hwv-ammerbuch.de\/index.php?rest_route=\/wp\/v2\/users\/1"}],"replies":[{"embeddable":true,"href":"https:\/\/www.hwv-ammerbuch.de\/index.php?rest_route=%2Fwp%2Fv2%2Fcomments&post=3155"}],"version-history":[{"count":3,"href":"https:\/\/www.hwv-ammerbuch.de\/index.php?rest_route=\/wp\/v2\/posts\/3155\/revisions"}],"predecessor-version":[{"id":3159,"href":"https:\/\/www.hwv-ammerbuch.de\/index.php?rest_route=\/wp\/v2\/posts\/3155\/revisions\/3159"}],"wp:attachment":[{"href":"https:\/\/www.hwv-ammerbuch.de\/index.php?rest_route=%2Fwp%2Fv2%2Fmedia&parent=3155"}],"wp:term":[{"taxonomy":"category","embeddable":true,"href":"https:\/\/www.hwv-ammerbuch.de\/index.php?rest_route=%2Fwp%2Fv2%2Fcategories&post=3155"},{"taxonomy":"post_tag","embeddable":true,"href":"https:\/\/www.hwv-ammerbuch.de\/index.php?rest_route=%2Fwp%2Fv2%2Ftags&post=3155"}],"curies":[{"name":"wp","href":"https:\/\/api.w.org\/{rel}","templated":true}]}}