{"id":3150,"date":"2023-05-23T19:59:23","date_gmt":"2023-05-23T19:59:23","guid":{"rendered":"http:\/\/www.hwv-ammerbuch.de\/?p=3150"},"modified":"2023-06-02T20:01:36","modified_gmt":"2023-06-02T20:01:36","slug":"3150","status":"publish","type":"post","link":"https:\/\/www.hwv-ammerbuch.de\/?p=3150","title":{"rendered":""},"content":{"rendered":"\n<p class=\"has-medium-font-size\">Palmbergtreff<\/p>\n\n\n\n<p>Der n\u00e4chste Palmbergtreff ist am Mittwoch 31.05.2023 ab 14 Uhr auf der Palmbergh\u00fctte.<br>Wir laden alle zu einem gem\u00fctlichen Nachmittag bei Kaffee und Kuchen in geselliger Runde ein.<\/p>\n\n\n\n<div style=\"height:30px\" aria-hidden=\"true\" class=\"wp-block-spacer\"><\/div>\n\n\n\n<p class=\"has-medium-font-size\">1. Maihocketse und 50 j\u00e4hriges H\u00fcttenjubil\u00e4um<\/p>\n\n\n\n<p><strong>WIR SAGEN DANKE<\/strong><\/p>\n\n\n\n<ul class=\"wp-block-list\">\n<li>allen, die bei den wochenlangen Vorbereitungen sich engagierten<\/li>\n\n\n\n<li>allen, die beim Auf- und Abbau tatkr\u00e4ftig geholfen haben<\/li>\n\n\n\n<li>den zahlreichen Helfern am 1. Mai<\/li>\n\n\n\n<li>f\u00fcr die tollen Kuchen- und Tortenspenden<\/li>\n\n\n\n<li>allen G\u00e4sten, die durch ihren Besuch unsere Vereinsarbeit unterst\u00fctzen<\/li>\n<\/ul>\n\n\n\n<p><\/p>\n\n\n\n<p>Vorstandschaft HWV &#8211; Ammerbuch<\/p>\n","protected":false},"excerpt":{"rendered":"<p>Palmbergtreff Der n\u00e4chste Palmbergtreff ist am Mittwoch 31.05.2023 ab 14 Uhr auf der Palmbergh\u00fctte.Wir laden alle zu einem gem\u00fctlichen Nachmittag bei Kaffee und Kuchen in geselliger Runde ein. 1. Maihocketse und 50 j\u00e4hriges H\u00fcttenjubil\u00e4um WIR SAGEN DANKE Vorstandschaft HWV &#8211; Ammerbuch<\/p>\n","protected":false},"author":1,"featured_media":0,"comment_status":"closed","ping_status":"closed","sticky":false,"template":"","format":"standard","meta":{"footnotes":""},"categories":[1],"tags":[],"class_list":["post-3150","post","type-post","status-publish","format-standard","hentry","category-aktuelles","no-thumb"],"_links":{"self":[{"href":"https:\/\/www.hwv-ammerbuch.de\/index.php?rest_route=\/wp\/v2\/posts\/3150","targetHints":{"allow":["GET"]}}],"collection":[{"href":"https:\/\/www.hwv-ammerbuch.de\/index.php?rest_route=\/wp\/v2\/posts"}],"about":[{"href":"https:\/\/www.hwv-ammerbuch.de\/index.php?rest_route=\/wp\/v2\/types\/post"}],"author":[{"embeddable":true,"href":"https:\/\/www.hwv-ammerbuch.de\/index.php?rest_route=\/wp\/v2\/users\/1"}],"replies":[{"embeddable":true,"href":"https:\/\/www.hwv-ammerbuch.de\/index.php?rest_route=%2Fwp%2Fv2%2Fcomments&post=3150"}],"version-history":[{"count":1,"href":"https:\/\/www.hwv-ammerbuch.de\/index.php?rest_route=\/wp\/v2\/posts\/3150\/revisions"}],"predecessor-version":[{"id":3151,"href":"https:\/\/www.hwv-ammerbuch.de\/index.php?rest_route=\/wp\/v2\/posts\/3150\/revisions\/3151"}],"wp:attachment":[{"href":"https:\/\/www.hwv-ammerbuch.de\/index.php?rest_route=%2Fwp%2Fv2%2Fmedia&parent=3150"}],"wp:term":[{"taxonomy":"category","embeddable":true,"href":"https:\/\/www.hwv-ammerbuch.de\/index.php?rest_route=%2Fwp%2Fv2%2Fcategories&post=3150"},{"taxonomy":"post_tag","embeddable":true,"href":"https:\/\/www.hwv-ammerbuch.de\/index.php?rest_route=%2Fwp%2Fv2%2Ftags&post=3150"}],"curies":[{"name":"wp","href":"https:\/\/api.w.org\/{rel}","templated":true}]}}