{"id":308,"date":"2010-02-01T00:35:17","date_gmt":"2010-01-31T22:35:17","guid":{"rendered":"http:\/\/hwvammerbuch.wordpress.com\/?p=308"},"modified":"2010-02-01T00:35:17","modified_gmt":"2010-01-31T22:35:17","slug":"narri-narro-in-der-hutte-ist-der-teufel-los","status":"publish","type":"post","link":"https:\/\/www.hwv-ammerbuch.de\/?p=308","title":{"rendered":"Narri Narro! In der H\u00fctte ist der Teufel los!"},"content":{"rendered":"<p><img decoding=\"async\" src=\"http:\/\/hwvammerbuch.files.wordpress.com\/2010\/02\/fasching2.jpg\" alt=\"\" \/><\/p>\n<p><strong>PFC Umzug am Sonntag 07.02.2010<\/strong><br \/>\nDer Verpflegungsstand des Heimat und Wandervereins steht traditionsgem\u00e4\u00df, wieder gegen\u00fcber dem Rathaus. Dort bieten wir Schupfnudeln mit Kraut, hei\u00dfe Rote sowie Bier, Gl\u00fchwein, Kaffee und Sekt an. Wir bewirten ab 11:00 Uhr<\/p>\n<p>Am <strong>Sonntag, 07.02.<\/strong> ist die Palmbergh\u00fctte nach dem PFC-Umzug ge\u00f6ffnet.<br \/>\nDort gibt es neben den \u00fcblichen Getr\u00e4nken, Kaffee, Kuchen und was zum Essen.<\/p>\n<p>Am <strong>Dienstag, 09.02.<\/strong> ab 14:59 Uhr Fasnetsnachmittag der Senioren in der Palmbergh\u00fctte.<br \/>\nAuf Eure Teilnahme freut sich die H\u00fcttenwirtin Inge mit Team.<\/p>\n<p><strong>Arbeitseins\u00e4tze<\/strong><br \/>\nAm Samstag, 06.02.2010 treffen wir uns um 9:00 Uhr auf dem Palmberg bei den Garagen zu Vorbereitungsarbeiten f\u00fcr den PFC Umzug am Sonntag.<br \/>\nMit den Aufr\u00e4umungsarbeiten wollen wir am Montag, dem 08.02. um 16:30 Uhr beginnen. Auch dazu ist jede helfende Hand herzlich willkommen.<\/p>\n","protected":false},"excerpt":{"rendered":"<p>PFC Umzug am Sonntag 07.02.2010 Der Verpflegungsstand des Heimat und Wandervereins steht traditionsgem\u00e4\u00df, wieder gegen\u00fcber dem Rathaus. Dort bieten wir Schupfnudeln mit Kraut, hei\u00dfe Rote sowie Bier, Gl\u00fchwein, Kaffee und Sekt an. Wir bewirten ab 11:00 Uhr Am Sonntag, 07.02. ist die Palmbergh\u00fctte nach dem PFC-Umzug ge\u00f6ffnet. Dort gibt es neben den \u00fcblichen Getr\u00e4nken, Kaffee,Continue reading &rarr;<\/p>\n","protected":false},"author":1,"featured_media":0,"comment_status":"open","ping_status":"open","sticky":false,"template":"","format":"standard","meta":{"footnotes":""},"categories":[1],"tags":[],"class_list":["post-308","post","type-post","status-publish","format-standard","hentry","category-aktuelles","no-thumb"],"_links":{"self":[{"href":"https:\/\/www.hwv-ammerbuch.de\/index.php?rest_route=\/wp\/v2\/posts\/308","targetHints":{"allow":["GET"]}}],"collection":[{"href":"https:\/\/www.hwv-ammerbuch.de\/index.php?rest_route=\/wp\/v2\/posts"}],"about":[{"href":"https:\/\/www.hwv-ammerbuch.de\/index.php?rest_route=\/wp\/v2\/types\/post"}],"author":[{"embeddable":true,"href":"https:\/\/www.hwv-ammerbuch.de\/index.php?rest_route=\/wp\/v2\/users\/1"}],"replies":[{"embeddable":true,"href":"https:\/\/www.hwv-ammerbuch.de\/index.php?rest_route=%2Fwp%2Fv2%2Fcomments&post=308"}],"version-history":[{"count":0,"href":"https:\/\/www.hwv-ammerbuch.de\/index.php?rest_route=\/wp\/v2\/posts\/308\/revisions"}],"wp:attachment":[{"href":"https:\/\/www.hwv-ammerbuch.de\/index.php?rest_route=%2Fwp%2Fv2%2Fmedia&parent=308"}],"wp:term":[{"taxonomy":"category","embeddable":true,"href":"https:\/\/www.hwv-ammerbuch.de\/index.php?rest_route=%2Fwp%2Fv2%2Fcategories&post=308"},{"taxonomy":"post_tag","embeddable":true,"href":"https:\/\/www.hwv-ammerbuch.de\/index.php?rest_route=%2Fwp%2Fv2%2Ftags&post=308"}],"curies":[{"name":"wp","href":"https:\/\/api.w.org\/{rel}","templated":true}]}}