{"id":3077,"date":"2023-02-25T19:58:30","date_gmt":"2023-02-25T19:58:30","guid":{"rendered":"http:\/\/www.hwv-ammerbuch.de\/?p=3077"},"modified":"2023-02-25T20:01:04","modified_gmt":"2023-02-25T20:01:04","slug":"3077","status":"publish","type":"post","link":"https:\/\/www.hwv-ammerbuch.de\/?p=3077","title":{"rendered":""},"content":{"rendered":"\n<p class=\"has-medium-font-size\">Danke<\/p>\n\n\n\n<p>Ein herzliches Dankesch\u00f6n allen Helfern und Helferinnen beim Poltringer Fasnetsumzug 2023!<\/p>\n\n\n\n<div style=\"height:30px\" aria-hidden=\"true\" class=\"wp-block-spacer\"><\/div>\n\n\n\n<p class=\"has-medium-font-size\">Einladung zur Jahreshauptversammlung<\/p>\n\n\n\n<p>Am Freitag 03.03.2023<\/p>\n\n\n\n<p>In der Palmbergh\u00fctte Poltringen<\/p>\n\n\n\n<p>Beginn: 19:00 Uhr<\/p>\n\n\n\n<p>Tagesordnung:<\/p>\n\n\n\n<ol class=\"wp-block-list\">\n<li>Begr\u00fc\u00dfung durch die 1. Vorsitzende und Bericht<\/li>\n\n\n\n<li>Bericht der Kassiererin<\/li>\n\n\n\n<li>Bericht der Kassenpr\u00fcfer\/-innen<\/li>\n\n\n\n<li>Bericht der Schriftf\u00fchrerin<\/li>\n\n\n\n<li>Bericht des Jugendleiters<\/li>\n\n\n\n<li>Bericht der H\u00fcttenwartin<\/li>\n\n\n\n<li>Bericht der Kulturwartin<\/li>\n\n\n\n<li>Bericht des Wanderwartes<\/li>\n\n\n\n<li>Bericht der Platzwartin<\/li>\n\n\n\n<li>Entlastungen<\/li>\n\n\n\n<li>Ehrungen<\/li>\n<\/ol>\n\n\n\n<p>&#8211; Pause &#8211;<\/p>\n\n\n\n<ol class=\"wp-block-list\" start=\"12\">\n<li>Neuwahlen<\/li>\n\n\n\n<li>Antr\u00e4ge\/Verschiedenes<\/li>\n<\/ol>\n\n\n\n<p>Antr\u00e4ge zur Tagesordnung sind bis sp\u00e4testens 24.02.2023 an die 1. Vorsitzende Margot Sailer zu richten. Die aktuellen Corona-Regeln sind einzuhalten.<\/p>\n\n\n\n<div style=\"height:30px\" aria-hidden=\"true\" class=\"wp-block-spacer\"><\/div>\n\n\n\n<p class=\"has-medium-font-size\">Neues vom G\u00e4sslebrunnen<\/p>\n\n\n\n<p>Fakten, Ergebnisse und Neuigkeiten \u00fcber den \u201eG\u00e4sslebrunnen\u201c gibt es am Ende der Jahreshauptversammlung des Heimat- und Wandervereins Ammerbuch e.V.. Boris Dieter wird \u00fcber den aktuellen Stand des Projektes \u201eG\u00e4sslebrunnen\u201c informieren.<\/p>\n","protected":false},"excerpt":{"rendered":"<p>Danke Ein herzliches Dankesch\u00f6n allen Helfern und Helferinnen beim Poltringer Fasnetsumzug 2023! Einladung zur Jahreshauptversammlung Am Freitag 03.03.2023 In der Palmbergh\u00fctte Poltringen Beginn: 19:00 Uhr Tagesordnung: &#8211; Pause &#8211; Antr\u00e4ge zur Tagesordnung sind bis sp\u00e4testens 24.02.2023 an die 1. Vorsitzende Margot Sailer zu richten. Die aktuellen Corona-Regeln sind einzuhalten. Neues vom G\u00e4sslebrunnen Fakten, Ergebnisse undContinue reading &rarr;<\/p>\n","protected":false},"author":1,"featured_media":0,"comment_status":"closed","ping_status":"closed","sticky":false,"template":"","format":"standard","meta":{"footnotes":""},"categories":[1],"tags":[],"class_list":["post-3077","post","type-post","status-publish","format-standard","hentry","category-aktuelles","no-thumb"],"_links":{"self":[{"href":"https:\/\/www.hwv-ammerbuch.de\/index.php?rest_route=\/wp\/v2\/posts\/3077","targetHints":{"allow":["GET"]}}],"collection":[{"href":"https:\/\/www.hwv-ammerbuch.de\/index.php?rest_route=\/wp\/v2\/posts"}],"about":[{"href":"https:\/\/www.hwv-ammerbuch.de\/index.php?rest_route=\/wp\/v2\/types\/post"}],"author":[{"embeddable":true,"href":"https:\/\/www.hwv-ammerbuch.de\/index.php?rest_route=\/wp\/v2\/users\/1"}],"replies":[{"embeddable":true,"href":"https:\/\/www.hwv-ammerbuch.de\/index.php?rest_route=%2Fwp%2Fv2%2Fcomments&post=3077"}],"version-history":[{"count":4,"href":"https:\/\/www.hwv-ammerbuch.de\/index.php?rest_route=\/wp\/v2\/posts\/3077\/revisions"}],"predecessor-version":[{"id":3082,"href":"https:\/\/www.hwv-ammerbuch.de\/index.php?rest_route=\/wp\/v2\/posts\/3077\/revisions\/3082"}],"wp:attachment":[{"href":"https:\/\/www.hwv-ammerbuch.de\/index.php?rest_route=%2Fwp%2Fv2%2Fmedia&parent=3077"}],"wp:term":[{"taxonomy":"category","embeddable":true,"href":"https:\/\/www.hwv-ammerbuch.de\/index.php?rest_route=%2Fwp%2Fv2%2Fcategories&post=3077"},{"taxonomy":"post_tag","embeddable":true,"href":"https:\/\/www.hwv-ammerbuch.de\/index.php?rest_route=%2Fwp%2Fv2%2Ftags&post=3077"}],"curies":[{"name":"wp","href":"https:\/\/api.w.org\/{rel}","templated":true}]}}