{"id":3074,"date":"2023-02-25T19:56:16","date_gmt":"2023-02-25T19:56:16","guid":{"rendered":"http:\/\/www.hwv-ammerbuch.de\/?p=3074"},"modified":"2023-02-25T19:56:42","modified_gmt":"2023-02-25T19:56:42","slug":"3074","status":"publish","type":"post","link":"https:\/\/www.hwv-ammerbuch.de\/?p=3074","title":{"rendered":""},"content":{"rendered":"\n<p class=\"has-medium-font-size\">Funde aus der Poltringer Ortsgeschichte \u2013 \u201eWasserschlossmodell \u2013 Modellbauer f\u00fcr Bergschloss gesucht!\u201c<\/p>\n\n\n\n<p>Vom Poltringer Wasserschloss gibt es ein Ansichtsmodell. Dieses ist zur 800 Jahr Feier im Jahr 1991 entstanden und steht aktuell im linken Fl\u00fcgel der Schlossscheuer. Erstellt hat dies liebevoll und ehrenamtlich in unz\u00e4hligen Stunden Handarbeit der im alten Poltringer M\u00fchlengeb\u00e4ude wohnende Hans-Joachim Schmidt mit dem in Entringen wohnende Modellschreiner Uli Steinke. Das Modell wurde detailgetreu fast ausschlie\u00dflich aus Holz nachgebaut und es entstanden Materialkosten im Wert von damals ungef\u00e4hr 250 EUR. Durch die qualit\u00e4tsvolle Arbeit erfreut es bis heute Besucher.<br>Das Modell hat die Ma\u00dfe Breite 1,21 m, Tiefe 1,25 m und H\u00f6he 1,05 m und stellt das Wasserschloss im Ma\u00dfstab etwa 1:20 dar.<\/p>\n\n\n\n<figure class=\"wp-block-image size-large is-resized is-style-default\"><img loading=\"lazy\" decoding=\"async\" src=\"http:\/\/www.hwv-ammerbuch.de\/wp-content\/uploads\/2023\/02\/HWV-AG-Wasserschlossmodell-1024x768.jpg\" alt=\"Vorderseite des Wasserschlossmodells vor dem Poltringer Rathaus, Februar 2018, Bild: B. Dieter\" class=\"wp-image-3075\" width=\"768\" height=\"576\" srcset=\"https:\/\/www.hwv-ammerbuch.de\/wp-content\/uploads\/2023\/02\/HWV-AG-Wasserschlossmodell-1024x768.jpg 1024w, https:\/\/www.hwv-ammerbuch.de\/wp-content\/uploads\/2023\/02\/HWV-AG-Wasserschlossmodell-300x225.jpg 300w, https:\/\/www.hwv-ammerbuch.de\/wp-content\/uploads\/2023\/02\/HWV-AG-Wasserschlossmodell-768x576.jpg 768w, https:\/\/www.hwv-ammerbuch.de\/wp-content\/uploads\/2023\/02\/HWV-AG-Wasserschlossmodell.jpg 1386w\" sizes=\"auto, (max-width: 768px) 100vw, 768px\" \/><figcaption class=\"wp-element-caption\"><em>Vorderseite des Wasserschlossmodells vor dem Poltringer Rathaus, Februar 2018, Bild: B. Dieter<\/em><\/figcaption><\/figure>\n\n\n\n<p>Da es mittlerweile mehrere bildliche Darstellungen und eine Beschreibung des 1613 erbauten und etwa 1790 abgebrochenen Bergschlosses gibt, w\u00e4re es m\u00f6glich auch ein Modell des Bergschlosses zu erstellen. Gibt es jemand, der Interesse und Erfahrung hat ein Modell des Bergschlosses zu erstellen und sich dieser spannenden Aufgabe unterst\u00fctzt durch den Heimat- und Wanderverein Ammerbuch e.V. und meine Expertise stellen m\u00f6chte? Dann gerne bei mir melden: 07073-300 769.<\/p>\n\n\n\n<p>Wer hierzu vertiefende Informationen beitragen kann oder andere Geschichten als \u201eFundst\u00fccke\u201c beitragen m\u00f6chte, kann sich gerne bei unserer AG melden (heimatgeschichte \u00e4t hwv-ammerbuch punkt de).<\/p>\n\n\n\n<p class=\"has-text-align-right\">F\u00fcr die AG \u201ePoltringer Ortsgeschichte\u201c, Boris Dieter<\/p>\n","protected":false},"excerpt":{"rendered":"<p>Funde aus der Poltringer Ortsgeschichte \u2013 \u201eWasserschlossmodell \u2013 Modellbauer f\u00fcr Bergschloss gesucht!\u201c Vom Poltringer Wasserschloss gibt es ein Ansichtsmodell. Dieses ist zur 800 Jahr Feier im Jahr 1991 entstanden und steht aktuell im linken Fl\u00fcgel der Schlossscheuer. Erstellt hat dies liebevoll und ehrenamtlich in unz\u00e4hligen Stunden Handarbeit der im alten Poltringer M\u00fchlengeb\u00e4ude wohnende Hans-Joachim SchmidtContinue reading &rarr;<\/p>\n","protected":false},"author":1,"featured_media":0,"comment_status":"closed","ping_status":"closed","sticky":false,"template":"","format":"standard","meta":{"footnotes":""},"categories":[12],"tags":[],"class_list":["post-3074","post","type-post","status-publish","format-standard","hentry","category-poltringer-heimatgeschichte","no-thumb"],"_links":{"self":[{"href":"https:\/\/www.hwv-ammerbuch.de\/index.php?rest_route=\/wp\/v2\/posts\/3074","targetHints":{"allow":["GET"]}}],"collection":[{"href":"https:\/\/www.hwv-ammerbuch.de\/index.php?rest_route=\/wp\/v2\/posts"}],"about":[{"href":"https:\/\/www.hwv-ammerbuch.de\/index.php?rest_route=\/wp\/v2\/types\/post"}],"author":[{"embeddable":true,"href":"https:\/\/www.hwv-ammerbuch.de\/index.php?rest_route=\/wp\/v2\/users\/1"}],"replies":[{"embeddable":true,"href":"https:\/\/www.hwv-ammerbuch.de\/index.php?rest_route=%2Fwp%2Fv2%2Fcomments&post=3074"}],"version-history":[{"count":1,"href":"https:\/\/www.hwv-ammerbuch.de\/index.php?rest_route=\/wp\/v2\/posts\/3074\/revisions"}],"predecessor-version":[{"id":3076,"href":"https:\/\/www.hwv-ammerbuch.de\/index.php?rest_route=\/wp\/v2\/posts\/3074\/revisions\/3076"}],"wp:attachment":[{"href":"https:\/\/www.hwv-ammerbuch.de\/index.php?rest_route=%2Fwp%2Fv2%2Fmedia&parent=3074"}],"wp:term":[{"taxonomy":"category","embeddable":true,"href":"https:\/\/www.hwv-ammerbuch.de\/index.php?rest_route=%2Fwp%2Fv2%2Fcategories&post=3074"},{"taxonomy":"post_tag","embeddable":true,"href":"https:\/\/www.hwv-ammerbuch.de\/index.php?rest_route=%2Fwp%2Fv2%2Ftags&post=3074"}],"curies":[{"name":"wp","href":"https:\/\/api.w.org\/{rel}","templated":true}]}}