{"id":2948,"date":"2023-02-04T09:45:23","date_gmt":"2023-02-04T09:45:23","guid":{"rendered":"http:\/\/www.hwv-ammerbuch.de\/?p=2948"},"modified":"2023-02-04T09:49:19","modified_gmt":"2023-02-04T09:49:19","slug":"2948","status":"publish","type":"post","link":"https:\/\/www.hwv-ammerbuch.de\/?p=2948","title":{"rendered":""},"content":{"rendered":"\n<p class=\"has-medium-font-size\">Arbeitseins\u00e4tze<\/p>\n\n\n\n<p>Am Samstag 11.02.2023 treffen wir uns um 9:00 Uhr auf dem Palmberg bei den Garagen zu Vorbereitungsarbeiten f\u00fcr den PFC Umzug am Sonntag. Mit den Aufr\u00e4umungsarbeiten wollen wir am Montag 13.02.2023 um 16:00 Uhr beginnen. Auch dazu ist jede helfende Hand herzlich willkommen.<\/p>\n\n\n\n<div style=\"height:30px\" aria-hidden=\"true\" class=\"wp-block-spacer\"><\/div>\n\n\n\n<p class=\"has-medium-font-size\">PFC Umzug am Sonntag 12.02.2023<\/p>\n\n\n\n<p>Der Verpflegungsstand des Heimat- und Wandervereins steht traditionsgem\u00e4\u00df, wieder gegen\u00fcber dem Rathaus in Poltringen. Dort bieten wir Schupfnudeln mit Kraut, hei\u00dfe Rote sowie Bier, Gl\u00fchwein, Punsch alkoholfrei, Kaffee und Sekt an. Das Standpersonal ist ab 9:00 Uhr zur Vorbereitung eingeteilt. Wir bewirten ab 11:00 Uhr.<\/p>\n","protected":false},"excerpt":{"rendered":"<p>Arbeitseins\u00e4tze Am Samstag 11.02.2023 treffen wir uns um 9:00 Uhr auf dem Palmberg bei den Garagen zu Vorbereitungsarbeiten f\u00fcr den PFC Umzug am Sonntag. Mit den Aufr\u00e4umungsarbeiten wollen wir am Montag 13.02.2023 um 16:00 Uhr beginnen. Auch dazu ist jede helfende Hand herzlich willkommen. PFC Umzug am Sonntag 12.02.2023 Der Verpflegungsstand des Heimat- und WandervereinsContinue reading &rarr;<\/p>\n","protected":false},"author":1,"featured_media":0,"comment_status":"closed","ping_status":"closed","sticky":false,"template":"","format":"standard","meta":{"footnotes":""},"categories":[1],"tags":[],"class_list":["post-2948","post","type-post","status-publish","format-standard","hentry","category-aktuelles","no-thumb"],"_links":{"self":[{"href":"https:\/\/www.hwv-ammerbuch.de\/index.php?rest_route=\/wp\/v2\/posts\/2948","targetHints":{"allow":["GET"]}}],"collection":[{"href":"https:\/\/www.hwv-ammerbuch.de\/index.php?rest_route=\/wp\/v2\/posts"}],"about":[{"href":"https:\/\/www.hwv-ammerbuch.de\/index.php?rest_route=\/wp\/v2\/types\/post"}],"author":[{"embeddable":true,"href":"https:\/\/www.hwv-ammerbuch.de\/index.php?rest_route=\/wp\/v2\/users\/1"}],"replies":[{"embeddable":true,"href":"https:\/\/www.hwv-ammerbuch.de\/index.php?rest_route=%2Fwp%2Fv2%2Fcomments&post=2948"}],"version-history":[{"count":5,"href":"https:\/\/www.hwv-ammerbuch.de\/index.php?rest_route=\/wp\/v2\/posts\/2948\/revisions"}],"predecessor-version":[{"id":2956,"href":"https:\/\/www.hwv-ammerbuch.de\/index.php?rest_route=\/wp\/v2\/posts\/2948\/revisions\/2956"}],"wp:attachment":[{"href":"https:\/\/www.hwv-ammerbuch.de\/index.php?rest_route=%2Fwp%2Fv2%2Fmedia&parent=2948"}],"wp:term":[{"taxonomy":"category","embeddable":true,"href":"https:\/\/www.hwv-ammerbuch.de\/index.php?rest_route=%2Fwp%2Fv2%2Fcategories&post=2948"},{"taxonomy":"post_tag","embeddable":true,"href":"https:\/\/www.hwv-ammerbuch.de\/index.php?rest_route=%2Fwp%2Fv2%2Ftags&post=2948"}],"curies":[{"name":"wp","href":"https:\/\/api.w.org\/{rel}","templated":true}]}}