{"id":2833,"date":"2022-11-09T20:01:43","date_gmt":"2022-11-09T20:01:43","guid":{"rendered":"http:\/\/www.hwv-ammerbuch.de\/?p=2833"},"modified":"2023-02-04T09:50:36","modified_gmt":"2023-02-04T09:50:36","slug":"2833","status":"publish","type":"post","link":"https:\/\/www.hwv-ammerbuch.de\/?p=2833","title":{"rendered":""},"content":{"rendered":"\n<p class=\"has-medium-font-size\">Adventsbasar am 13.11.2022<\/p>\n\n\n\n<p>Am Sonntag, 13.11.2022, ab 11.00 Uhr startet unser 10. Basar in der Palmbergh\u00fctte.<br>Die Teilnehmerinnen vom \u201eStricknachmittag\u201c haben nach harter Arbeit mit Nadeln, Wolle und Faden so einiges gezaubert, das zum Verkauf angeboten wird. Das reichhaltige Angebot umfasst Strickwaren, H\u00e4kelwaren und weihnachtliche Dekoartikel.<br>F\u00fcr das leibliche Wohl bieten wir ein Wei\u00dfwurstfr\u00fchst\u00fcck sowie Kaffee und Kuchen an.<\/p>\n\n\n<div class=\"wp-block-image is-style-default\">\n<figure class=\"alignleft size-medium\"><a href=\"http:\/\/www.hwv-ammerbuch.de\/?p=2802\"><img loading=\"lazy\" decoding=\"async\" width=\"212\" height=\"300\" src=\"http:\/\/www.hwv-ammerbuch.de\/wp-content\/uploads\/2022\/10\/strickbazar_2022_a4-212x300.jpg\" alt=\"\" class=\"wp-image-2803\" srcset=\"https:\/\/www.hwv-ammerbuch.de\/wp-content\/uploads\/2022\/10\/strickbazar_2022_a4-212x300.jpg 212w, https:\/\/www.hwv-ammerbuch.de\/wp-content\/uploads\/2022\/10\/strickbazar_2022_a4.jpg 596w\" sizes=\"auto, (max-width: 212px) 100vw, 212px\" \/><\/a><\/figure><\/div>\n\n\n<div style=\"height:50px\" aria-hidden=\"true\" class=\"wp-block-spacer\"><\/div>\n\n\n\n<p class=\"has-medium-font-size\">Spieleabend f\u00fcr Alle am Freitag, 18. November ab 19.00 Uhr<\/p>\n\n\n\n<p>Wer mal was Neues versuchen m\u00f6chte oder Altbekanntes wieder in einer anderen Runde spielen m\u00f6chte, ist hier genau richtig.<br>Wer kennt Heaven an Ale? Wer kann Kniffel, Binokel, Skat o.\u00c4.? Wer m\u00f6chte mal sein Spiel von damals den anderen vorstellen? Es kommt jeder auf seine Kosten. Kommt mit guter Laune vorbei und zeigt, was ihr draufhabt. Es geht um Ruhm und Ehre!<br>G\u00e4ste sind herzlich willkommen.<\/p>\n","protected":false},"excerpt":{"rendered":"<p>Adventsbasar am 13.11.2022 Am Sonntag, 13.11.2022, ab 11.00 Uhr startet unser 10. Basar in der Palmbergh\u00fctte.Die Teilnehmerinnen vom \u201eStricknachmittag\u201c haben nach harter Arbeit mit Nadeln, Wolle und Faden so einiges gezaubert, das zum Verkauf angeboten wird. Das reichhaltige Angebot umfasst Strickwaren, H\u00e4kelwaren und weihnachtliche Dekoartikel.F\u00fcr das leibliche Wohl bieten wir ein Wei\u00dfwurstfr\u00fchst\u00fcck sowie Kaffee undContinue reading &rarr;<\/p>\n","protected":false},"author":1,"featured_media":0,"comment_status":"closed","ping_status":"closed","sticky":false,"template":"","format":"standard","meta":{"footnotes":""},"categories":[1],"tags":[],"class_list":["post-2833","post","type-post","status-publish","format-standard","hentry","category-aktuelles","no-thumb"],"_links":{"self":[{"href":"https:\/\/www.hwv-ammerbuch.de\/index.php?rest_route=\/wp\/v2\/posts\/2833","targetHints":{"allow":["GET"]}}],"collection":[{"href":"https:\/\/www.hwv-ammerbuch.de\/index.php?rest_route=\/wp\/v2\/posts"}],"about":[{"href":"https:\/\/www.hwv-ammerbuch.de\/index.php?rest_route=\/wp\/v2\/types\/post"}],"author":[{"embeddable":true,"href":"https:\/\/www.hwv-ammerbuch.de\/index.php?rest_route=\/wp\/v2\/users\/1"}],"replies":[{"embeddable":true,"href":"https:\/\/www.hwv-ammerbuch.de\/index.php?rest_route=%2Fwp%2Fv2%2Fcomments&post=2833"}],"version-history":[{"count":4,"href":"https:\/\/www.hwv-ammerbuch.de\/index.php?rest_route=\/wp\/v2\/posts\/2833\/revisions"}],"predecessor-version":[{"id":2959,"href":"https:\/\/www.hwv-ammerbuch.de\/index.php?rest_route=\/wp\/v2\/posts\/2833\/revisions\/2959"}],"wp:attachment":[{"href":"https:\/\/www.hwv-ammerbuch.de\/index.php?rest_route=%2Fwp%2Fv2%2Fmedia&parent=2833"}],"wp:term":[{"taxonomy":"category","embeddable":true,"href":"https:\/\/www.hwv-ammerbuch.de\/index.php?rest_route=%2Fwp%2Fv2%2Fcategories&post=2833"},{"taxonomy":"post_tag","embeddable":true,"href":"https:\/\/www.hwv-ammerbuch.de\/index.php?rest_route=%2Fwp%2Fv2%2Ftags&post=2833"}],"curies":[{"name":"wp","href":"https:\/\/api.w.org\/{rel}","templated":true}]}}