{"id":2830,"date":"2022-11-09T20:00:04","date_gmt":"2022-11-09T20:00:04","guid":{"rendered":"http:\/\/www.hwv-ammerbuch.de\/?p=2830"},"modified":"2023-02-04T20:13:35","modified_gmt":"2023-02-04T20:13:35","slug":"2830","status":"publish","type":"post","link":"https:\/\/www.hwv-ammerbuch.de\/?p=2830","title":{"rendered":""},"content":{"rendered":"\n<p class=\"has-medium-font-size\">Funde aus der Poltringer Ortsgeschichte \u2013 \u201eDank f\u00fcr Bilderspenden\u201c<\/p>\n\n\n\n<p>Liebe Leserinnen, liebe Leser,<br>vielen Dank f\u00fcr die Zusendung der vielen Bilder aufgrund meines Aufrufes Anfang Mai an alle Bilderspender!<br>Damit helfen Sie mir meine ortsgeschichtlichen Artikel immer, um sie anschaulicher zu machen, mit einem Bild oder Karte zu versehen. Trotz intensiver Recherche in diversen Quellen und Archiven konnte ich aber zu bestimmten Themen bisher keine Bilder finden. Nun konnten Dank Ihrer Hilfe einige L\u00fccken geschlossen werden.<br>Zu einigen Themen scheint es aber leider weiterhin keine Bilder, Karten oder Zeichnungen (mehr) zu geben; vielleicht findet sich doch noch etwas?<br>fr\u00fcheres Kriegerdenkmal des 1. Weltkrieges an der nord\u00f6stlichen Au\u00dfenmauer der St. Stephanuskirche<br>Tieffliegerangriff \/ Kriegsende 1945<br>Ausgrabung der R\u00f6mervilla am K\u00e4sbachknie<br>fr\u00fcheres Aussehen des G\u00e4ssle-Br\u00fcnnele<br>Quelle \u201eSchwarzer Brunnen\u201c am Ammertalnordhang nach der Schw\u00e4rzer Halde und der anschlie\u00dfenden Klinge direkt vor dem Bauhofbeginn auf der gegen\u00fcberliegenden Ammers\u00fcdseite (vor der Versch\u00fcttung mit Steinbruchschutt)<br>Gasthaus \u201eEngel\u201c in der Kurve am Ortsausgang Richtung Oberndorf (heute Geb\u00e4ude Ehingerstra\u00dfe 12)<br>Aber auch zu bekannten Motiven gibt es aber immer wieder interessante Bildfunde, wie die Zeichnung der St. Stephanus-Kirche aus den 50er Jahren zeigt.<\/p>\n\n\n\n<figure class=\"wp-block-image size-large is-style-default\"><img loading=\"lazy\" decoding=\"async\" width=\"768\" height=\"1024\" src=\"http:\/\/www.hwv-ammerbuch.de\/wp-content\/uploads\/2022\/11\/HWV-AG-Bildersuche-II-768x1024.jpg\" alt=\"\" class=\"wp-image-2831\" srcset=\"https:\/\/www.hwv-ammerbuch.de\/wp-content\/uploads\/2022\/11\/HWV-AG-Bildersuche-II-768x1024.jpg 768w, https:\/\/www.hwv-ammerbuch.de\/wp-content\/uploads\/2022\/11\/HWV-AG-Bildersuche-II-225x300.jpg 225w, https:\/\/www.hwv-ammerbuch.de\/wp-content\/uploads\/2022\/11\/HWV-AG-Bildersuche-II-1152x1536.jpg 1152w, https:\/\/www.hwv-ammerbuch.de\/wp-content\/uploads\/2022\/11\/HWV-AG-Bildersuche-II.jpg 1386w\" sizes=\"auto, (max-width: 768px) 100vw, 768px\" \/><figcaption class=\"wp-element-caption\">St. Stephanus-Kirche von der Malerin Marie Schiele-Fliedner (1881-1970), Entringen, gemalt mit Buntstiften 1952, im Besitz der Familie Reinhold Bauer, Entringen, Bild: B. Dieter, Juni 2022<\/figcaption><\/figure>\n\n\n\n<p>Wer hierzu vertiefende Informationen beitragen kann oder andere Geschichten als \u201eFundst\u00fccke\u201c beitragen m\u00f6chte, kann sich gerne bei unserer AG melden (heimatgeschichte \u00e4t hwv-ammerbuch punkt de).<br>F\u00fcr die AG \u201ePoltringer Ortsgeschichte\u201c, Boris Dieter<\/p>\n","protected":false},"excerpt":{"rendered":"<p>Funde aus der Poltringer Ortsgeschichte \u2013 \u201eDank f\u00fcr Bilderspenden\u201c Liebe Leserinnen, liebe Leser,vielen Dank f\u00fcr die Zusendung der vielen Bilder aufgrund meines Aufrufes Anfang Mai an alle Bilderspender!Damit helfen Sie mir meine ortsgeschichtlichen Artikel immer, um sie anschaulicher zu machen, mit einem Bild oder Karte zu versehen. Trotz intensiver Recherche in diversen Quellen und ArchivenContinue reading &rarr;<\/p>\n","protected":false},"author":1,"featured_media":0,"comment_status":"closed","ping_status":"closed","sticky":false,"template":"","format":"standard","meta":{"footnotes":""},"categories":[12],"tags":[],"class_list":["post-2830","post","type-post","status-publish","format-standard","hentry","category-poltringer-heimatgeschichte","no-thumb"],"_links":{"self":[{"href":"https:\/\/www.hwv-ammerbuch.de\/index.php?rest_route=\/wp\/v2\/posts\/2830","targetHints":{"allow":["GET"]}}],"collection":[{"href":"https:\/\/www.hwv-ammerbuch.de\/index.php?rest_route=\/wp\/v2\/posts"}],"about":[{"href":"https:\/\/www.hwv-ammerbuch.de\/index.php?rest_route=\/wp\/v2\/types\/post"}],"author":[{"embeddable":true,"href":"https:\/\/www.hwv-ammerbuch.de\/index.php?rest_route=\/wp\/v2\/users\/1"}],"replies":[{"embeddable":true,"href":"https:\/\/www.hwv-ammerbuch.de\/index.php?rest_route=%2Fwp%2Fv2%2Fcomments&post=2830"}],"version-history":[{"count":2,"href":"https:\/\/www.hwv-ammerbuch.de\/index.php?rest_route=\/wp\/v2\/posts\/2830\/revisions"}],"predecessor-version":[{"id":2960,"href":"https:\/\/www.hwv-ammerbuch.de\/index.php?rest_route=\/wp\/v2\/posts\/2830\/revisions\/2960"}],"wp:attachment":[{"href":"https:\/\/www.hwv-ammerbuch.de\/index.php?rest_route=%2Fwp%2Fv2%2Fmedia&parent=2830"}],"wp:term":[{"taxonomy":"category","embeddable":true,"href":"https:\/\/www.hwv-ammerbuch.de\/index.php?rest_route=%2Fwp%2Fv2%2Fcategories&post=2830"},{"taxonomy":"post_tag","embeddable":true,"href":"https:\/\/www.hwv-ammerbuch.de\/index.php?rest_route=%2Fwp%2Fv2%2Ftags&post=2830"}],"curies":[{"name":"wp","href":"https:\/\/api.w.org\/{rel}","templated":true}]}}