{"id":2795,"date":"2022-08-16T19:23:59","date_gmt":"2022-08-16T19:23:59","guid":{"rendered":"http:\/\/www.hwv-ammerbuch.de\/?p=2795"},"modified":"2023-02-04T20:16:43","modified_gmt":"2023-02-04T20:16:43","slug":"2795","status":"publish","type":"post","link":"https:\/\/www.hwv-ammerbuch.de\/?p=2795","title":{"rendered":""},"content":{"rendered":"\n<p class=\"has-medium-font-size\">Funde aus der Poltringer Ortsgeschichte \u2013 Ehrenamtlicher Beauftragter<\/p>\n\n\n\n<p>Seit dem 03.08.2022 hat auch Ammerbuch einen \u201eEhrenamtlichen Beauftragten in der arch\u00e4ologischen Denkmalpflege\u201c. Wir freuen uns mitteilen zu k\u00f6nnen, dass unser Vereinsmitglied und Kassenpr\u00fcfer Boris Dieter f\u00fcr dieses Ehrenamt vom Landesamt f\u00fcr Denkmalpflege im Regierungspr\u00e4sidium Stuttgart im Einvernehmen mit der Unteren Denkmalschutzbeh\u00f6rde im T\u00fcbinger Landratsamt f\u00fcr die Bereiche \u201eAmmerbuch und Sch\u00f6nbuch\u201c bestellt wurde.Basis f\u00fcr diese Entscheidung waren u.a. seine heimatgeschichtlichen Recherchen f\u00fcr unseren Verein, aus denen seit 2018 zwei B\u00fccher bzw. \u00fcber 160 Artikel meist f\u00fcr das Amtsblatt entstanden sind, der Einsatz als stv. Vorsitzender des Ammerbucher B\u00fcrgervereins e.V. f\u00fcr die denkmalgesch\u00fctzte Schlossscheuer, die spendenfinanzierte Geo-Radar-Prospektion des G\u00e4ssle-Br\u00fcnnele-Kanals im Sommer 2021, die Gr\u00fcndung des Ammerbucher \u201eGrenzstein-Refugiums\u201c im April 2022 und seine Mitarbeit seit September 2021 bei der arch\u00e4ologischen Lehrgrabung in Reusten sowie der Fundbearbeitung in T\u00fcbingen.\u201eEhrenamtliche Beauftragte\u201c sind fachkundig geschulte Laien und unterst\u00fctzen die staatliche Denkmalpflege in ihren praktischen Aufgaben vor Ort. Landesweit bilden Sie \u00fcber alle 1.101 Gemeinden hinweg ein Netzwerk von \u00fcber 250 freiwilligen Mitarbeiterinnen und Mitarbeitern und bilden ein Bindeglied zu \u00f6rtlichen Institutionen. Im Regierungspr\u00e4sidium T\u00fcbingen sind ca. 20 aktiv. Sie unterst\u00fctzen bei:<\/p>\n\n\n\n<ul class=\"wp-block-list\">\n<li>der Beobachtung arch\u00e4ologischer Verdachtsfl\u00e4chen<\/li>\n\n\n\n<li>der \u00dcberpr\u00fcfung bekannter arch\u00e4ologischer Denkmale<\/li>\n\n\n\n<li>dem Kontakt zu den Unteren Denkmalschutzbeh\u00f6rden<\/li>\n\n\n\n<li>der \u00dcberwachung von Bauma\u00dfnahmen vor Ort<\/li>\n\n\n\n<li>der Dokumentation und Bergung arch\u00e4ologischer Funde und Befunde<\/li>\n\n\n\n<li>und bei Rettungsgrabungen<\/li>\n<\/ul>\n\n\n\n<p>Sie sind lokal Auge, Ohr und Hand des Landesdenkmalamtes, kennen die \u00f6rtlichen Gegebenheiten und relevanten Ansprechpartner, sind mit benachbarten Beauftragten und zertifizierten Sondeng\u00e4ngern vernetzt, kennen wichtige Informationsquellen und sind durch ihre Pr\u00e4senz vor Ort f\u00fcr die Bev\u00f6lkerung einfach ansprechbar. Koordiniert werden die Beauftragten von den regional zust\u00e4ndigen, hauptamtlichen Gebietsreferenten des Landesdenkmalamtes. \u00a0Eine erste Beauftragung und Sicherstellung von Funden ergab sich dann auch schon durch geh\u00e4ufte Knochenfunde in den \u201eGass\u00e4ckern\u201c zwischen Flugfeld und Hardtwald.Ein n\u00e4chstes Projekt in Abstimmung mit den Landesdenkmalamt k\u00f6nnte dann die Ausgrabung, Dokumentation und Reparatur der wohl zwei Leckstellen des G\u00e4ssle-Br\u00fcnnele-Kanals, um seine fr\u00fchere Ergiebigkeit wieder herzustellen.Bestehen Fragen oder gibt es Fundhinweise, kann \u00fcber 07073-300 769 oder heimatgeschichte \u00e4t hwv-ammerbuch punkt de eine Kontaktaufnahme erfolgen. Alternativ kann auch der zust\u00e4ndige Gebietsreferent Dr. Marc Heise kontaktiert werden:\u00a0 07071-757-24 13,\u00a0marc.heise \u00e4t rps.bwl Punkt de<\/p>\n\n\n\n<figure class=\"wp-block-image size-large is-style-default\"><img loading=\"lazy\" decoding=\"async\" width=\"1024\" height=\"768\" src=\"http:\/\/www.hwv-ammerbuch.de\/wp-content\/uploads\/2022\/08\/HWV-AG-Ehrenamtlich-Beauftragter-1024x768.jpg\" alt=\"\" class=\"wp-image-2796\" srcset=\"https:\/\/www.hwv-ammerbuch.de\/wp-content\/uploads\/2022\/08\/HWV-AG-Ehrenamtlich-Beauftragter-1024x768.jpg 1024w, https:\/\/www.hwv-ammerbuch.de\/wp-content\/uploads\/2022\/08\/HWV-AG-Ehrenamtlich-Beauftragter-300x225.jpg 300w, https:\/\/www.hwv-ammerbuch.de\/wp-content\/uploads\/2022\/08\/HWV-AG-Ehrenamtlich-Beauftragter-768x576.jpg 768w, https:\/\/www.hwv-ammerbuch.de\/wp-content\/uploads\/2022\/08\/HWV-AG-Ehrenamtlich-Beauftragter-400x300.jpg 400w, https:\/\/www.hwv-ammerbuch.de\/wp-content\/uploads\/2022\/08\/HWV-AG-Ehrenamtlich-Beauftragter.jpg 1386w\" sizes=\"auto, (max-width: 1024px) 100vw, 1024px\" \/><figcaption class=\"wp-element-caption\"><em>Amtlicher Lichtbildausweis der ehrenamtlich Beauftragten<\/em><\/figcaption><\/figure>\n\n\n\n<p><\/p>\n","protected":false},"excerpt":{"rendered":"<p>Funde aus der Poltringer Ortsgeschichte \u2013 Ehrenamtlicher Beauftragter Seit dem 03.08.2022 hat auch Ammerbuch einen \u201eEhrenamtlichen Beauftragten in der arch\u00e4ologischen Denkmalpflege\u201c. Wir freuen uns mitteilen zu k\u00f6nnen, dass unser Vereinsmitglied und Kassenpr\u00fcfer Boris Dieter f\u00fcr dieses Ehrenamt vom Landesamt f\u00fcr Denkmalpflege im Regierungspr\u00e4sidium Stuttgart im Einvernehmen mit der Unteren Denkmalschutzbeh\u00f6rde im T\u00fcbinger Landratsamt f\u00fcr dieContinue reading &rarr;<\/p>\n","protected":false},"author":1,"featured_media":0,"comment_status":"closed","ping_status":"closed","sticky":false,"template":"","format":"standard","meta":{"footnotes":""},"categories":[12],"tags":[],"class_list":["post-2795","post","type-post","status-publish","format-standard","hentry","category-poltringer-heimatgeschichte","no-thumb"],"_links":{"self":[{"href":"https:\/\/www.hwv-ammerbuch.de\/index.php?rest_route=\/wp\/v2\/posts\/2795","targetHints":{"allow":["GET"]}}],"collection":[{"href":"https:\/\/www.hwv-ammerbuch.de\/index.php?rest_route=\/wp\/v2\/posts"}],"about":[{"href":"https:\/\/www.hwv-ammerbuch.de\/index.php?rest_route=\/wp\/v2\/types\/post"}],"author":[{"embeddable":true,"href":"https:\/\/www.hwv-ammerbuch.de\/index.php?rest_route=\/wp\/v2\/users\/1"}],"replies":[{"embeddable":true,"href":"https:\/\/www.hwv-ammerbuch.de\/index.php?rest_route=%2Fwp%2Fv2%2Fcomments&post=2795"}],"version-history":[{"count":3,"href":"https:\/\/www.hwv-ammerbuch.de\/index.php?rest_route=\/wp\/v2\/posts\/2795\/revisions"}],"predecessor-version":[{"id":2963,"href":"https:\/\/www.hwv-ammerbuch.de\/index.php?rest_route=\/wp\/v2\/posts\/2795\/revisions\/2963"}],"wp:attachment":[{"href":"https:\/\/www.hwv-ammerbuch.de\/index.php?rest_route=%2Fwp%2Fv2%2Fmedia&parent=2795"}],"wp:term":[{"taxonomy":"category","embeddable":true,"href":"https:\/\/www.hwv-ammerbuch.de\/index.php?rest_route=%2Fwp%2Fv2%2Fcategories&post=2795"},{"taxonomy":"post_tag","embeddable":true,"href":"https:\/\/www.hwv-ammerbuch.de\/index.php?rest_route=%2Fwp%2Fv2%2Ftags&post=2795"}],"curies":[{"name":"wp","href":"https:\/\/api.w.org\/{rel}","templated":true}]}}