{"id":2788,"date":"2021-12-24T20:47:00","date_gmt":"2021-12-24T20:47:00","guid":{"rendered":"http:\/\/www.hwv-ammerbuch.de\/?p=2788"},"modified":"2022-02-10T20:48:07","modified_gmt":"2022-02-10T20:48:07","slug":"2788","status":"publish","type":"post","link":"https:\/\/www.hwv-ammerbuch.de\/?p=2788","title":{"rendered":""},"content":{"rendered":"\n<p class=\"has-medium-font-size\">Weihnachts- und Neujahrsgr\u00fc\u00dfe<\/p>\n\n\n\n<p>Das Jahr 2021 war nicht nur f\u00fcr unseren Heimat- und Wanderverein ein schwieriges Jahr. Auch dieses Jahr mussten viele geplanten Veranstaltungen wie die Sonnwendfeier, diverse Wanderungen und das \u201everschobene\u201c Vereinsjubil\u00e4um abgesagt werden. Erst im September konnten wir unsere langj\u00e4hrigen Gr\u00fcndungsmitglieder im Rahmen der Jahreshauptversammlung ehren.<\/p>\n\n\n\n<p>Es gab aber auch einige Lichtblicke (unter Einhaltung der jeweils g\u00fcltigen Corona Verordnung).<\/p>\n\n\n\n<p>Dazu geh\u00f6rten der Verkauf von Zwiebelkuchen, diverse Arbeitseins\u00e4tze, einen Ausflug zur Landesgartenschau nach \u00dcberlingen, ein Grillfest f\u00fcr unsere Mitglieder und der Adventsbasar.<\/p>\n\n\n\n<p>Unser Vereinsmitglied Boris Dieter schrieb unter der Rubrik: Poltringer Heimatgeschichten zahlreiche interessante Berichte und Erz\u00e4hlungen und organisierte auch das Projekt: \u201eG\u00e4sslebrunnen \u2013 Georadaruntersuchung\u201c, welches dank zahlreicher Spender finanziert werden konnte.<\/p>\n\n\n\n<p>Unser Buch: \u201eEin Dorf in f\u00fcnfzig Geschichten\u201c Autor: Boris Dieter; wurde als Geschenkidee immer wieder gerne gekauft.<\/p>\n\n\n\n<p>Wir sagen allen, die unsere Vereinsarbeit 2021 unterst\u00fctzten Danke!<\/p>\n\n\n\n<p>Wir w\u00fcnschen unseren Vereinsmitgliedern und der gesamten Ammerbucher Bev\u00f6lkerung in diesen schwierigen Zeiten, die von Einschr\u00e4nkungen und Sorgen gepr\u00e4gt sind besinnliche, ruhige und gesegnete Weihnachtstage sowie Gesundheit, Mut und Zuversicht f\u00fcr das neue Jahr 2022.<\/p>\n\n\n\n<p>Die Vorstandschaft des Heimat- und Wanderverein Ammerbuch e. V.<\/p>\n","protected":false},"excerpt":{"rendered":"<p>Weihnachts- und Neujahrsgr\u00fc\u00dfe Das Jahr 2021 war nicht nur f\u00fcr unseren Heimat- und Wanderverein ein schwieriges Jahr. Auch dieses Jahr mussten viele geplanten Veranstaltungen wie die Sonnwendfeier, diverse Wanderungen und das \u201everschobene\u201c Vereinsjubil\u00e4um abgesagt werden. Erst im September konnten wir unsere langj\u00e4hrigen Gr\u00fcndungsmitglieder im Rahmen der Jahreshauptversammlung ehren. Es gab aber auch einige Lichtblicke (unterContinue reading &rarr;<\/p>\n","protected":false},"author":1,"featured_media":0,"comment_status":"closed","ping_status":"closed","sticky":false,"template":"","format":"standard","meta":{"footnotes":""},"categories":[1],"tags":[],"class_list":["post-2788","post","type-post","status-publish","format-standard","hentry","category-aktuelles","no-thumb"],"_links":{"self":[{"href":"https:\/\/www.hwv-ammerbuch.de\/index.php?rest_route=\/wp\/v2\/posts\/2788","targetHints":{"allow":["GET"]}}],"collection":[{"href":"https:\/\/www.hwv-ammerbuch.de\/index.php?rest_route=\/wp\/v2\/posts"}],"about":[{"href":"https:\/\/www.hwv-ammerbuch.de\/index.php?rest_route=\/wp\/v2\/types\/post"}],"author":[{"embeddable":true,"href":"https:\/\/www.hwv-ammerbuch.de\/index.php?rest_route=\/wp\/v2\/users\/1"}],"replies":[{"embeddable":true,"href":"https:\/\/www.hwv-ammerbuch.de\/index.php?rest_route=%2Fwp%2Fv2%2Fcomments&post=2788"}],"version-history":[{"count":1,"href":"https:\/\/www.hwv-ammerbuch.de\/index.php?rest_route=\/wp\/v2\/posts\/2788\/revisions"}],"predecessor-version":[{"id":2789,"href":"https:\/\/www.hwv-ammerbuch.de\/index.php?rest_route=\/wp\/v2\/posts\/2788\/revisions\/2789"}],"wp:attachment":[{"href":"https:\/\/www.hwv-ammerbuch.de\/index.php?rest_route=%2Fwp%2Fv2%2Fmedia&parent=2788"}],"wp:term":[{"taxonomy":"category","embeddable":true,"href":"https:\/\/www.hwv-ammerbuch.de\/index.php?rest_route=%2Fwp%2Fv2%2Fcategories&post=2788"},{"taxonomy":"post_tag","embeddable":true,"href":"https:\/\/www.hwv-ammerbuch.de\/index.php?rest_route=%2Fwp%2Fv2%2Ftags&post=2788"}],"curies":[{"name":"wp","href":"https:\/\/api.w.org\/{rel}","templated":true}]}}